{"id":65916,"date":"2025-10-27T21:14:18","date_gmt":"2025-10-27T21:14:18","guid":{"rendered":"https:\/\/www.europesays.com\/se\/65916\/"},"modified":"2025-10-27T21:14:18","modified_gmt":"2025-10-27T21:14:18","slug":"berattar-om-overraskande-shl-chansen-gick-valdigt-fort","status":"publish","type":"post","link":"https:\/\/www.europesays.com\/se\/65916\/","title":{"rendered":"Ber\u00e4ttar om \u00f6verraskande SHL-chansen: &#8221;Gick v\u00e4ldigt fort&#8221;"},"content":{"rendered":"<p><strong>Lite fr\u00e5n ingenstans valde <a href=\"https:\/\/hockeysverige.se\/klubb\/malmo-redhawks\/\" rel=\"nofollow noopener\" target=\"_blank\">Malm\u00f6<\/a> att plocka in Sebastian W\u00e4nnstr\u00f6m. Efter att ha g\u00e5tt klubbl\u00f6s under h\u00f6sten har 34-\u00e5ringen nu drygt sju veckor p\u00e5 sig att spela till sig ett s\u00e4songskontrakt.<\/strong><br \/><strong>\u2013\u00a0Jag f\u00f6rs\u00f6ker ta det dag f\u00f6r dag. S\u00e5 f\u00e5r vi se vad som h\u00e4nder efter det, s\u00e4ger forwarden till Hockeysverige.se.<\/strong><\/p>\n<p><img loading=\"lazy\" decoding=\"async\" width=\"1024\" height=\"658\" src=\"https:\/\/www.europesays.com\/se\/wp-content\/uploads\/2025\/10\/Sebastian-Wannstrom-1-1024x658.webp.webp\" alt=\"\" class=\"wp-image-318899\"  \/>Malm\u00f6 plockade in Sebastian W\u00e4nnstr\u00f6m i l\u00f6rdags.<br \/>\nFoto: Christian \u00d6rnberg \/ Bildbyr\u00e5n.<\/p>\n<p>Sedan han l\u00e4mnade Leksand sommaren 2020 har Sebastian W\u00e4nnstr\u00f6m spenderat sin ishockeykarri\u00e4r utomlands. Det har blivit spel i Finland, Lettland, Schweiz, Tyskland och Norge. D\u00e4r forwarden med andra ord har varit med om ett och annat under de fem \u00e5ren.<\/p>\n<p>I l\u00f6rdags stod det d\u00e4remot klart med en \u00e5terkomst till svensk hockey. 34-\u00e5ringen skrev n\u00e4mligen p\u00e5 ett korttidskontrakt med Malm\u00f6 i SHL.<\/p>\n<p>\u2013 Det gick v\u00e4l r\u00e4tt fort. F\u00f6r mig var det inget snack. Det k\u00e4ndes j\u00e4ttekul, sen var det match redan p\u00e5 l\u00f6rdagen d\u00e4r. Det var bara att \u00e5ka ner och s\u00e4tta p\u00e5 sig grejerna. <\/p>\n<p><strong>Hur var det att kastas in i hetluften s\u00e5 pl\u00f6tsligt?<\/strong><br \/>\u2013\u00a0Det var en lite annorlunda situation men jag f\u00f6rs\u00f6kte bara g\u00f6ra det b\u00e4sta av situationen.<\/p>\n<p>Kontakten med Malm\u00f6 kom pl\u00f6tsligt och sedan gick det fort n\u00e4r det v\u00e4l blev klart. Det var d\u00e5 bara att s\u00e4tta sig i bilen och \u00e5ka ner till Sk\u00e5ne.<\/p>\n<p>\u2013 Det var agenten som sk\u00f6tte allting. Sen som sagt gick det v\u00e4ldigt fort n\u00e4r allting var klart.<\/p>\n<p>Fick ny SHL-chans<\/p>\n<p>Fem \u00e5r har allts\u00e5 g\u00e5tt sedan Sebastian W\u00e4nnstr\u00f6m spelade i SHL. F\u00f6rra s\u00e4songen spelade han i Norge och Finland. Den h\u00e4r h\u00f6sten har han st\u00e5tt utan kontrakt, men lite fr\u00e5n ingenstans kom allts\u00e5 chansen i SHL p\u00e5 nytt.<\/p>\n<p><strong>Hade du r\u00e4knat med en ny SHL-chans?<\/strong><br \/>\u2013 Absolut, det var det jag tr\u00e4nade f\u00f6r. Jag har k\u00f6rt mycket is och h\u00e5llit ig\u00e5ng bra. Naturligtvis fanns tankarna d\u00e4r hela tiden.<\/p>\n<p>F\u00f6rsta s\u00e4songen i \u00c4ss\u00e4t levererade 34-\u00e5ringen 46 p\u00e5 58 matcher och gjorde \u00e4ven 33 m\u00e5l. Ett succ\u00e9\u00e5r som tog honom vidare till Dinamo Riga och KHL och sedermera till Schweiz och HC Ajoie. Det har sedan varit ett par \u00e5r av spel i olika l\u00e4nder med blandad produktion.<\/p>\n<p>\u2013 Det \u00e4r fem \u00e5r och en otrolig erfarenhet. Jag har haft otroligt kul och tr\u00e4ffat m\u00e5nga bra m\u00e4nniskor p\u00e5 v\u00e4gen. Det har bara varit superkul. Hockeym\u00e4ssigt har det blivit lite olika ligor och p\u00e5 vissa st\u00e4llen har det tagit lite tid till att anpassa sig. Det har g\u00e5tt bra sett till hela tiden.<\/p>\n<p><strong>Hur har du f\u00f6r\u00e4ndrats som spelare sedan du l\u00e4mnade f\u00f6r fem \u00e5r sedan?<\/strong><br \/>\u2013\u00a0Jag har f\u00f6rs\u00f6kt utvecklats f\u00f6r varje \u00e5r som har g\u00e5tt. Jag f\u00f6rs\u00f6ker fortfarande utvecklas och bli en b\u00e4ttre hockeyspelare, och jag f\u00f6rs\u00f6ker vara ett offensivt hot men \u00e4ven vara en bra allroundspelare. <\/p>\n<p>Malm\u00f6 skrev sju veckor med Sebastian W\u00e4nnstr\u00f6m<\/p>\n<p>Malm\u00f6 har som bekant g\u00e5tt tungt i SHL-tabellen och sjunkit som en sten de senast veckorna. Nu \u00e4r man i allra h\u00f6gsta grad indragna i en bottenstrid och i skrivande stund \u00e4r laget p\u00e5 v\u00e4g mot Dalarna. D\u00e4r v\u00e4ntar under tisdagen en \u00e5ngestmatch mot Leksand som \u00e4ven de har haft det tufft.<\/p>\n<p><strong>Vad vill du bidra med till laget i det h\u00e4r l\u00e4get?<\/strong><br \/>\u2013 Jag har inte varit h\u00e4r s\u00e5 m\u00e5nga dagar \u00e4n. Men vi f\u00e5r v\u00e4l se lite. Jag kommer in med mycket energi och hoppas kunna bidra b\u00e5de p\u00e5 och sidan om isen.<\/p>\n<p>Kontraktet \u00e4r nu skrivet \u00f6ver sju veckor. Efter det \u00e5terst\u00e5r det att se om det blir n\u00e5gon forts\u00e4ttning i Malm\u00f6, eller om ett nytt \u00e4ventyr v\u00e4ntar.<\/p>\n<p>\u2013 Jag f\u00f6rs\u00f6ker ta det dag f\u00f6r dag. S\u00e5 f\u00e5r vi se vad som h\u00e4nder efter det. Jag f\u00f6rs\u00f6ker leva h\u00e4r och nu och ta det dag f\u00f6r dag.<\/p>\n<p><strong>Men det \u00e4r Sverige du vill stanna i?<\/strong><br \/>\u2013\u00a0Absolut \u00e4r det s\u00e5.<\/p>\n<p> Source: <a href=\"https:\/\/www.eliteprospects.com\/player\/9782\/sebastian-wannstrom\" target=\"_blank\" rel=\"noopener noreferrer nofollow\">Sebastian W\u00e4nnstr\u00f6m<\/a> @ Elite Prospects<\/p>\n","protected":false},"excerpt":{"rendered":"Lite fr\u00e5n ingenstans valde Malm\u00f6 att plocka in Sebastian W\u00e4nnstr\u00f6m. Efter att ha g\u00e5tt klubbl\u00f6s under h\u00f6sten har&hellip;\n","protected":false},"author":2,"featured_media":65917,"comment_status":"","ping_status":"","sticky":false,"template":"","format":"standard","meta":{"footnotes":""},"categories":[68],"tags":[34,133,134,111,110,31,33,32,30],"class_list":{"0":"post-65916","1":"post","2":"type-post","3":"status-publish","4":"format-standard","5":"has-post-thumbnail","7":"category-sport","8":"tag-se","9":"tag-second-news","10":"tag-shl","11":"tag-sport","12":"tag-sports","13":"tag-svenska","14":"tag-sverige","15":"tag-sweden","16":"tag-swedish"},"share_on_mastodon":{"url":"https:\/\/pubeurope.com\/@se\/115448202183408707","error":""},"_links":{"self":[{"href":"https:\/\/www.europesays.com\/se\/wp-json\/wp\/v2\/posts\/65916","targetHints":{"allow":["GET"]}}],"collection":[{"href":"https:\/\/www.europesays.com\/se\/wp-json\/wp\/v2\/posts"}],"about":[{"href":"https:\/\/www.europesays.com\/se\/wp-json\/wp\/v2\/types\/post"}],"author":[{"embeddable":true,"href":"https:\/\/www.europesays.com\/se\/wp-json\/wp\/v2\/users\/2"}],"replies":[{"embeddable":true,"href":"https:\/\/www.europesays.com\/se\/wp-json\/wp\/v2\/comments?post=65916"}],"version-history":[{"count":0,"href":"https:\/\/www.europesays.com\/se\/wp-json\/wp\/v2\/posts\/65916\/revisions"}],"wp:featuredmedia":[{"embeddable":true,"href":"https:\/\/www.europesays.com\/se\/wp-json\/wp\/v2\/media\/65917"}],"wp:attachment":[{"href":"https:\/\/www.europesays.com\/se\/wp-json\/wp\/v2\/media?parent=65916"}],"wp:term":[{"taxonomy":"category","embeddable":true,"href":"https:\/\/www.europesays.com\/se\/wp-json\/wp\/v2\/categories?post=65916"},{"taxonomy":"post_tag","embeddable":true,"href":"https:\/\/www.europesays.com\/se\/wp-json\/wp\/v2\/tags?post=65916"}],"curies":[{"name":"wp","href":"https:\/\/api.w.org\/{rel}","templated":true}]}}