{"id":65918,"date":"2025-10-27T21:19:07","date_gmt":"2025-10-27T21:19:07","guid":{"rendered":"https:\/\/www.europesays.com\/se\/65918\/"},"modified":"2025-10-27T21:19:07","modified_gmt":"2025-10-27T21:19:07","slug":"efter-jas-gripen-affaren-saab-vill-oppna-fabrik-i-ukraina","status":"publish","type":"post","link":"https:\/\/www.europesays.com\/se\/65918\/","title":{"rendered":"Efter Jas Gripen-aff\u00e4ren \u2013 Saab vill \u00f6ppna fabrik i Ukraina"},"content":{"rendered":"<p>Sverige ska s\u00e4lja 100-150 Jas Gripen-plan till Ukraina.\u00a0<\/p>\n<p>Saab vill g\u00e4rna bygga en fabrik i landet, skriver <a href=\"https:\/\/www.ft.com\/content\/9ab0fdf7-3524-4fb9-a0fa-656ce8209ffe\" rel=\"nofollow noopener\" target=\"_blank\">Financial Times<\/a>.\u00a0<\/p>\n<p>\u2013 Det \u00e4r inte s\u00e5 l\u00e4tt under ett krig, men det vore fantastiskt, s\u00e4ger bolagets vd Micael Johansson till tidningen.\u00a0<\/p>\n<p>F\u00f6rsvarsmaktens ord om h\u00e4ndelsen.<img   alt=\"\"\/><\/p>\n<p>Zelenskyj och Kristersson ber\u00e4ttade om avsiktsf\u00f6rklaringen vid en presstr\u00e4ff Saabs fabrik i Link\u00f6ping.<\/p>\n<p>Foto: Fredrik Sandberg\/TT \/ TT NYHETSBYR\u00c5N<\/p>\n<p>\u00d6ppna bild i helsk\u00e4rm<\/p>\n<p><a href=\"https:\/\/www.expressen.se\/nyheter\/sverige\/kristersson-och-zelenskyj-haller-presstraff-hos-saab\/\" rel=\"nofollow noopener\" target=\"_blank\">Ukraina vill k\u00f6pa upp\u00e5t 150 Jas Gripen-plan.<\/a> Det ber\u00e4ttade Ulf Kristersson och Volodymyr Zelenskyj vid en presstr\u00e4ff i <a href=\"https:\/\/www.expressen.se\/tagg\/organization\/saab\/\" class=\"\" rel=\"nofollow noopener\" target=\"_blank\">Saabs<\/a> fabrik i Link\u00f6ping i f\u00f6rra veckan. Det handlar om nya Jas Gripen-plan, av modell E. \u00a0<\/p>\n<p>\u2013 Det \u00e4r en ukrainsk dr\u00f6m som g\u00e5tt i uppfyllelse, sa milit\u00e4rexperten J\u00f6rgen Elfving till Expressen.\u00a0<\/p>\n<p><a href=\"https:\/\/www.expressen.se\/nyheter\/sverige\/forsvarsexperten-om-gripenaffaren-ukrainsk-drom\/\" rel=\"nofollow noopener\" target=\"_blank\">Aff\u00e4ren beskrivs ocks\u00e5 som en stor fj\u00e4der i hatten f\u00f6r Sverige och Saab. <\/a>\u00a0<\/p>\n<p><img loading=\"lazy\"   alt=\"\"\/><\/p>\n<p>Saabs vd Micael Johansson.<\/p>\n<p>Foto: Fredrik Sandberg \/ TT<\/p>\n<p>\u00d6ppna bild i helsk\u00e4rm<img loading=\"lazy\"   alt=\"\"\/><\/p>\n<p>J\u00e4tteaff\u00e4ren kanske kan finansieras med frysta ryska tillg\u00e5ngar.<\/p>\n<p>Foto: Christine Olsson\/TT \/ TT NYHETSBYR\u00c5N<\/p>\n<p>\u00d6ppna bild i helsk\u00e4rmSaabs vd: \u201dVore fantastiskt\u201d<\/p>\n<p>Och Saab vill g\u00e4rna \u00f6ppna en fabrik i Ukraina, skriver Financial Times.\u00a0<\/p>\n<p>\u2013 Det \u00e4r inte s\u00e5 l\u00e4tt under ett krig, men det vore fantastiskt att etablera en kapacitet f\u00f6r \u00e5tminstone slutmontering och tester och kanske \u00e4ven viss delproduktion i Ukraina, s\u00e4ger vd:n Micael Johansson till tidningen.\u00a0<\/p>\n<p>Ett kontrakt med Ukraina f\u00f6r 100-150 stridsflygplan inneb\u00e4r att Saab beh\u00f6ver skruva upp produktionen rej\u00e4lt. Micael Johansson s\u00e4ger att man bland annat ska f\u00f6rs\u00f6ka \u00f6ka produktionen i Brasilien, kanske \u00e4ven i Kanada och p\u00e5 olika h\u00e5ll i Europa.\u00a0<\/p>\n<p>Men finansieringen f\u00f6r j\u00e4tteaff\u00e4ren \u00e4r \u00e4nnu inte klar. Sverige och Ukraina hoppas kunna anv\u00e4nda frysta ryska tillg\u00e5ngar och Ulf Kristersson ska, enligt Financial Times, ha diskuterat en s\u00e5dan l\u00f6sning med andra EU-ledare.\u00a0<\/p>\n<p><img loading=\"lazy\"   alt=\"\"\/><\/p>\n<p>Ukraina vill k\u00f6pa upp\u00e5t 150 Jas Gripen-plan av modell E, den nyaste modellen.<\/p>\n<p>Foto: Fredrik Sandberg \/ TT<\/p>\n<p>\u00d6ppna bild i helsk\u00e4rmIngen finansiering p\u00e5 plats<\/p>\n<p>Ang\u00e5ende finansieringen s\u00e4ger Saabs vd till Financial Times:<\/p>\n<p>\u2013 Det som beh\u00f6ver komma p\u00e5 plats \u00e4r den finansieringsl\u00f6sning som nu diskuteras p\u00e5 politisk niv\u00e5: hur stor del av b\u00f6rdan Sverige ska ta n\u00e4r det g\u00e4ller finansiering och risk, hur mycket som kan delas mellan l\u00e4nderna, och hur mycket som kan anv\u00e4ndas fr\u00e5n de konfiskerade ryska tillg\u00e5ngarna. Det \u00e4r fortfarande inte helt klart.\u00a0<\/p>\n<p>Av de frysta ryska tillg\u00e5ngar som finns inom EU f\u00f6rvaltas lejonparten, en bit \u00f6ver 2 000 miljarder kronor, av det belgiska finansinstitutet Euroclear. Och det \u00e4r just Belgien som tydligast motsatt sig att Ukraina ska f\u00e5 anv\u00e4nda pengarna. Motst\u00e5ndet handlar om en r\u00e4dsla f\u00f6r framtida ryska skadest\u00e5ndskrav. Belgien vill att risken f\u00f6rdelas mellan EU-l\u00e4nderna.\u00a0<\/p>\n<p>\u2013 Om vi agerar, m\u00e5ste alla agera tillsammans. S\u00e5 ser den europeiska solidariteten ut, landets premi\u00e4rminister Bart De Wever p\u00e5 EU-toppm\u00f6tet i f\u00f6rra veckan.\u00a0<\/p>\n<p><strong>L\u00c4S MER: <\/strong><a href=\"https:\/\/www.expressen.se\/nyheter\/sverige\/pal-jonson-planen-kan-kopas-med-ryska-medel\/\" class=\"\" rel=\"nofollow noopener\" target=\"_blank\">P\u00e5l Jonson: Planen kan k\u00f6pas med ryska medel<\/a><strong>L\u00c4S MER: <\/strong><a href=\"https:\/\/www.expressen.se\/ledare\/linda-jerneck\/gripen-ar-byggt-for-att-bekampa-ryssen\/\" class=\"\" rel=\"nofollow noopener\" target=\"_blank\">Gripen \u00e4r byggt f\u00f6r att bek\u00e4mpa ryssen<\/a>&#8221;V\u00e4rldens b\u00e4sta stridsflyg.&#8221;<\/p>\n","protected":false},"excerpt":{"rendered":"Sverige ska s\u00e4lja 100-150 Jas Gripen-plan till Ukraina.\u00a0 Saab vill g\u00e4rna bygga en fabrik i landet, skriver Financial&hellip;\n","protected":false},"author":2,"featured_media":65919,"comment_status":"","ping_status":"","sticky":false,"template":"","format":"standard","meta":{"footnotes":""},"categories":[12],"tags":[22,23,26,27,17,21,24,25,2633,667,212,202,28,29,15,276,16,410,530,906,18,34,55,31,33,32,30,19,60,20],"class_list":{"0":"post-65918","1":"post","2":"type-post","3":"status-publish","4":"format-standard","5":"has-post-thumbnail","7":"category-sverige","8":"tag-breaking-news","9":"tag-breakingnews","10":"tag-featured-news","11":"tag-featurednews","12":"tag-headlines","13":"tag-huvudnyheter","14":"tag-latest-news","15":"tag-latestnews","16":"tag-location-belgien","17":"tag-location-linkoping","18":"tag-location-sverige","19":"tag-location-ukraina","20":"tag-main-news","21":"tag-mainnews","22":"tag-news","23":"tag-newsstory-kriget-i-ukraina","24":"tag-nyheter","25":"tag-organization-saab","26":"tag-person-ulf-kristersson","27":"tag-person-volodymyr-zelenskyj","28":"tag-rubriker","29":"tag-se","30":"tag-sections-varlden","31":"tag-svenska","32":"tag-sverige","33":"tag-sweden","34":"tag-swedish","35":"tag-top-stories","36":"tag-topic-krig-konflikt","37":"tag-topstories"},"share_on_mastodon":{"url":"","error":"Validation failed: Text character limit of 500 exceeded"},"_links":{"self":[{"href":"https:\/\/www.europesays.com\/se\/wp-json\/wp\/v2\/posts\/65918","targetHints":{"allow":["GET"]}}],"collection":[{"href":"https:\/\/www.europesays.com\/se\/wp-json\/wp\/v2\/posts"}],"about":[{"href":"https:\/\/www.europesays.com\/se\/wp-json\/wp\/v2\/types\/post"}],"author":[{"embeddable":true,"href":"https:\/\/www.europesays.com\/se\/wp-json\/wp\/v2\/users\/2"}],"replies":[{"embeddable":true,"href":"https:\/\/www.europesays.com\/se\/wp-json\/wp\/v2\/comments?post=65918"}],"version-history":[{"count":0,"href":"https:\/\/www.europesays.com\/se\/wp-json\/wp\/v2\/posts\/65918\/revisions"}],"wp:featuredmedia":[{"embeddable":true,"href":"https:\/\/www.europesays.com\/se\/wp-json\/wp\/v2\/media\/65919"}],"wp:attachment":[{"href":"https:\/\/www.europesays.com\/se\/wp-json\/wp\/v2\/media?parent=65918"}],"wp:term":[{"taxonomy":"category","embeddable":true,"href":"https:\/\/www.europesays.com\/se\/wp-json\/wp\/v2\/categories?post=65918"},{"taxonomy":"post_tag","embeddable":true,"href":"https:\/\/www.europesays.com\/se\/wp-json\/wp\/v2\/tags?post=65918"}],"curies":[{"name":"wp","href":"https:\/\/api.w.org\/{rel}","templated":true}]}}