{"id":65960,"date":"2025-10-27T22:37:07","date_gmt":"2025-10-27T22:37:07","guid":{"rendered":"https:\/\/www.europesays.com\/se\/65960\/"},"modified":"2025-10-27T22:37:07","modified_gmt":"2025-10-27T22:37:07","slug":"brendan-rodgers-lamnar-celtic-lamnade-in-avskedsansokan","status":"publish","type":"post","link":"https:\/\/www.europesays.com\/se\/65960\/","title":{"rendered":"Brendan Rodgers l\u00e4mnar Celtic \u2013 l\u00e4mnade in avskedsans\u00f6kan"},"content":{"rendered":"<p>Efter tv\u00e5 raka ligaf\u00f6rluster och supporterprotester l\u00e4mnar huvudtr\u00e4naren Brendan Rodgers klubben. Celtic kommunicerar att han l\u00e4mnat in en avskedsans\u00f6kan och best\u00e4mt sig f\u00f6r att l\u00e4mna sitt uppdrag. <\/p>\n<p>Krisen i Celtic har p\u00e5g\u00e5tt ett tag. Supportrar har protesterat mot styrelsen och ledningen, och bland annat kastat in apelsiner p\u00e5 planen. Protesterna handlar, enligt flera skotska medier, om missn\u00f6je med sommarens transferf\u00f6nster. <\/p>\n<p>Under m\u00e5ndagskv\u00e4llen kommunicerade Celtic att Brendan Rodgers l\u00e4mnat in en avskedsans\u00f6kan och att han d\u00e4rmed l\u00e4mnar sitt uppdrag som tr\u00e4nare f\u00f6r klassikerklubben. Rodgers kom till Celtic 2023 och har vunnit tv\u00e5 raka ligatitlar sedan dess. Det \u00e4r hans andra sejour i den skotska j\u00e4tten. <\/p>\n<p>Celtic ligger i skrivande stund tv\u00e5a i skotska ligan, \u00e5tta po\u00e4ng bakom serieledande Hearts. Svenske Benjamin Nygren spelar i klubben och har gjort tre m\u00e5l i ligaspelet. <\/p>\n<blockquote class=\"twitter-tweet\">\n<p lang=\"en\" dir=\"ltr\">Club Statement.<\/p>\n<p>\u2014 Celtic Football Club (@CelticFC) <a target=\"_blank\" href=\"https:\/\/twitter.com\/CelticFC\/status\/1982927460535808032?ref_src=twsrc%5Etfw\" rel=\"nofollow noopener\">October 27, 2025<\/a><\/p><\/blockquote>\n<p> <script async src=\"https:\/\/platform.twitter.com\/widgets.js\" charset=\"utf-8\"><\/script><\/p>\n","protected":false},"excerpt":{"rendered":"Efter tv\u00e5 raka ligaf\u00f6rluster och supporterprotester l\u00e4mnar huvudtr\u00e4naren Brendan Rodgers klubben. Celtic kommunicerar att han l\u00e4mnat in en&hellip;\n","protected":false},"author":2,"featured_media":65961,"comment_status":"","ping_status":"","sticky":false,"template":"","format":"standard","meta":{"footnotes":""},"categories":[5],"tags":[159,22,23,158,157,26,27,138,17,156,21,24,25,28,29,165,164,15,16,140,18,34,160,162,111,31,161,33,32,30,163,19,20],"class_list":{"0":"post-65960","1":"post","2":"type-post","3":"status-publish","4":"format-standard","5":"has-post-thumbnail","7":"category-rubriker","8":"tag-allsvenskan","9":"tag-breaking-news","10":"tag-breakingnews","11":"tag-fans","12":"tag-fantv","13":"tag-featured-news","14":"tag-featurednews","15":"tag-fotboll","16":"tag-headlines","17":"tag-hockey","18":"tag-huvudnyheter","19":"tag-latest-news","20":"tag-latestnews","21":"tag-main-news","22":"tag-mainnews","23":"tag-matcher","24":"tag-matchprogram","25":"tag-news","26":"tag-nyheter","27":"tag-premier-league","28":"tag-rubriker","29":"tag-se","30":"tag-serie-a","31":"tag-spelschema","32":"tag-sport","33":"tag-svenska","34":"tag-svenskafans","35":"tag-sverige","36":"tag-sweden","37":"tag-swedish","38":"tag-tabeller","39":"tag-top-stories","40":"tag-topstories"},"share_on_mastodon":{"url":"https:\/\/pubeurope.com\/@se\/115448528378040088","error":""},"_links":{"self":[{"href":"https:\/\/www.europesays.com\/se\/wp-json\/wp\/v2\/posts\/65960","targetHints":{"allow":["GET"]}}],"collection":[{"href":"https:\/\/www.europesays.com\/se\/wp-json\/wp\/v2\/posts"}],"about":[{"href":"https:\/\/www.europesays.com\/se\/wp-json\/wp\/v2\/types\/post"}],"author":[{"embeddable":true,"href":"https:\/\/www.europesays.com\/se\/wp-json\/wp\/v2\/users\/2"}],"replies":[{"embeddable":true,"href":"https:\/\/www.europesays.com\/se\/wp-json\/wp\/v2\/comments?post=65960"}],"version-history":[{"count":0,"href":"https:\/\/www.europesays.com\/se\/wp-json\/wp\/v2\/posts\/65960\/revisions"}],"wp:featuredmedia":[{"embeddable":true,"href":"https:\/\/www.europesays.com\/se\/wp-json\/wp\/v2\/media\/65961"}],"wp:attachment":[{"href":"https:\/\/www.europesays.com\/se\/wp-json\/wp\/v2\/media?parent=65960"}],"wp:term":[{"taxonomy":"category","embeddable":true,"href":"https:\/\/www.europesays.com\/se\/wp-json\/wp\/v2\/categories?post=65960"},{"taxonomy":"post_tag","embeddable":true,"href":"https:\/\/www.europesays.com\/se\/wp-json\/wp\/v2\/tags?post=65960"}],"curies":[{"name":"wp","href":"https:\/\/api.w.org\/{rel}","templated":true}]}}