{"id":6611,"date":"2025-08-16T22:28:07","date_gmt":"2025-08-16T22:28:07","guid":{"rendered":"https:\/\/www.europesays.com\/se\/6611\/"},"modified":"2025-08-16T22:28:07","modified_gmt":"2025-08-16T22:28:07","slug":"barca-tog-premiarseger-mallorca-akte-pa-dubbla-utvisningar","status":"publish","type":"post","link":"https:\/\/www.europesays.com\/se\/6611\/","title":{"rendered":"Barca tog premi\u00e4rseger \u2013 Mallorca \u00e5kte p\u00e5 dubbla utvisningar"},"content":{"rendered":"<p><strong>De regerande La Liga-m\u00e4starna FC Barcelona fick en smakstart p\u00e5 \u00e5rets s\u00e4song.<br \/>Detta d\u00e5 Mallorca besegrades med 3\u20130.<br \/>Ytterligare betungade f\u00f6r hemmalaget var att man \u00e5kte p\u00e5 tv\u00e5 utvisningar. <\/strong><\/p>\n<p><strong><a href=\"https:\/\/fotbolldirekt.se\/klubb\/fc-barcelona\/\" rel=\"nofollow noopener\" target=\"_blank\">FC Barcelona<\/a><\/strong> har en La Liga-titel att f\u00f6rsvara och den spanska storklubben har inlett det arbetet p\u00e5 b\u00e4sta s\u00e4tt.<\/p>\n<p>Barca som ikv\u00e4ll g\u00e4stade Mallorca f\u00e5r med sig samtliga po\u00e4ng hem till Katalonien, detta efter m\u00e5l fr\u00e5n <strong>Raphinha<\/strong>, <strong>Ferran Torres<\/strong> och <strong><a href=\"https:\/\/fotbolldirekt.se\/spelare\/lamine-yamal\/\" rel=\"nofollow noopener\" target=\"_blank\">Lamine Yamal<\/a><\/strong>. <\/p>\n<p>3\u20130 blev allts\u00e5 slutresultatet, men rubrikerna kommer \u00e4nd\u00e5 att g\u00e5 till hemmalaget, detta p\u00e5 grund av Mallorca <strong>lyckades dra p\u00e5 sig tv\u00e5 utvisningar<\/strong>, b\u00e5da i den f\u00f6rsta halvleken och bara med sex minuters mellanrum.<\/p>\n<p>I den 33:e minuten tilldelades Manu Morales sin andra varning och sex minuter senare visades Vedat Muriqi.<\/p>\n","protected":false},"excerpt":{"rendered":"De regerande La Liga-m\u00e4starna FC Barcelona fick en smakstart p\u00e5 \u00e5rets s\u00e4song.Detta d\u00e5 Mallorca besegrades med 3\u20130.Ytterligare betungade&hellip;\n","protected":false},"author":2,"featured_media":6612,"comment_status":"","ping_status":"","sticky":false,"template":"","format":"standard","meta":{"footnotes":""},"categories":[68],"tags":[34,411,111,110,31,33,32,30],"class_list":{"0":"post-6611","1":"post","2":"type-post","3":"status-publish","4":"format-standard","5":"has-post-thumbnail","7":"category-sport","8":"tag-se","9":"tag-senaste-nytt","10":"tag-sport","11":"tag-sports","12":"tag-svenska","13":"tag-sverige","14":"tag-sweden","15":"tag-swedish"},"share_on_mastodon":{"url":"","error":""},"_links":{"self":[{"href":"https:\/\/www.europesays.com\/se\/wp-json\/wp\/v2\/posts\/6611","targetHints":{"allow":["GET"]}}],"collection":[{"href":"https:\/\/www.europesays.com\/se\/wp-json\/wp\/v2\/posts"}],"about":[{"href":"https:\/\/www.europesays.com\/se\/wp-json\/wp\/v2\/types\/post"}],"author":[{"embeddable":true,"href":"https:\/\/www.europesays.com\/se\/wp-json\/wp\/v2\/users\/2"}],"replies":[{"embeddable":true,"href":"https:\/\/www.europesays.com\/se\/wp-json\/wp\/v2\/comments?post=6611"}],"version-history":[{"count":0,"href":"https:\/\/www.europesays.com\/se\/wp-json\/wp\/v2\/posts\/6611\/revisions"}],"wp:featuredmedia":[{"embeddable":true,"href":"https:\/\/www.europesays.com\/se\/wp-json\/wp\/v2\/media\/6612"}],"wp:attachment":[{"href":"https:\/\/www.europesays.com\/se\/wp-json\/wp\/v2\/media?parent=6611"}],"wp:term":[{"taxonomy":"category","embeddable":true,"href":"https:\/\/www.europesays.com\/se\/wp-json\/wp\/v2\/categories?post=6611"},{"taxonomy":"post_tag","embeddable":true,"href":"https:\/\/www.europesays.com\/se\/wp-json\/wp\/v2\/tags?post=6611"}],"curies":[{"name":"wp","href":"https:\/\/api.w.org\/{rel}","templated":true}]}}