{"id":66110,"date":"2025-10-28T05:48:18","date_gmt":"2025-10-28T05:48:18","guid":{"rendered":"https:\/\/www.europesays.com\/se\/66110\/"},"modified":"2025-10-28T05:48:18","modified_gmt":"2025-10-28T05:48:18","slug":"har-ar-sveriges-basta-hemtjanst-och-aldreboenden-sok-i-listan","status":"publish","type":"post","link":"https:\/\/www.europesays.com\/se\/66110\/","title":{"rendered":"H\u00e4r \u00e4r Sveriges b\u00e4sta hemtj\u00e4nst och \u00e4ldreboenden \u2013 s\u00f6k i listan"},"content":{"rendered":"<p>Publicerad 28 okt 2025 kl 05.00<\/p>\n<p>PremiumH\u00e4r finns landets b\u00e4sta hemtj\u00e4nst och s\u00e4rskilda boenden f\u00f6r \u00e4ldre.<\/p>\n<p>\u2013 Under h\u00f6sten har vi haft kr\u00e4ftskiva, surstr\u00f6mmingskalas och sk\u00f6rdefest, s\u00e4ger Paula Lusth, verksamhetschef f\u00f6r ett av de boenden som f\u00e5r toppbetyg i Socialstyrelsens enk\u00e4t.<\/p>\n<p>S\u00f6k i listan \u2013 se hur h\u00f6gt betyg \u00e4ldreomsorgen f\u00e5r i just din kommun.<\/p>\n<p><img   alt=\"\"\/><\/p>\n<p>Sveriges b\u00e4sta hemtj\u00e4nst och s\u00e4rskild boende f\u00f6r \u00e4ldre har utsetts. Kolla i listan \u2013 se hur h\u00f6gt betyg \u00e4ldreomsorgen f\u00e5r i din kommun.<\/p>\n<p>Foto: Pikselstock \/ Shutterstock<\/p>\n<p>\u00d6ppna bild i helsk\u00e4rm<\/p>\n","protected":false},"excerpt":{"rendered":"Publicerad 28 okt 2025 kl 05.00 PremiumH\u00e4r finns landets b\u00e4sta hemtj\u00e4nst och s\u00e4rskilda boenden f\u00f6r \u00e4ldre. \u2013 Under&hellip;\n","protected":false},"author":2,"featured_media":66111,"comment_status":"","ping_status":"","sticky":false,"template":"","format":"standard","meta":{"footnotes":"","_share_on_mastodon":"0"},"categories":[5],"tags":[22,23,26,27,17,21,24,25,1097,4593,28,29,15,16,4649,103,18,34,154,31,33,32,30,19,3770,892,20],"class_list":["post-66110","post","type-post","status-publish","format-standard","has-post-thumbnail","category-rubriker","tag-breaking-news","tag-breakingnews","tag-featured-news","tag-featurednews","tag-headlines","tag-huvudnyheter","tag-latest-news","tag-latestnews","tag-location-varmland","tag-location-visby","tag-main-news","tag-mainnews","tag-news","tag-nyheter","tag-organization-socialstyrelsen","tag-premium","tag-rubriker","tag-se","tag-sections-sverige","tag-svenska","tag-sverige","tag-sweden","tag-swedish","tag-top-stories","tag-topic-aldrande","tag-topic-aldreomsorg","tag-topstories"],"share_on_mastodon":{"url":"https:\/\/pubeurope.com\/@se\/115450223204936855","error":""},"_links":{"self":[{"href":"https:\/\/www.europesays.com\/se\/wp-json\/wp\/v2\/posts\/66110","targetHints":{"allow":["GET"]}}],"collection":[{"href":"https:\/\/www.europesays.com\/se\/wp-json\/wp\/v2\/posts"}],"about":[{"href":"https:\/\/www.europesays.com\/se\/wp-json\/wp\/v2\/types\/post"}],"author":[{"embeddable":true,"href":"https:\/\/www.europesays.com\/se\/wp-json\/wp\/v2\/users\/2"}],"replies":[{"embeddable":true,"href":"https:\/\/www.europesays.com\/se\/wp-json\/wp\/v2\/comments?post=66110"}],"version-history":[{"count":0,"href":"https:\/\/www.europesays.com\/se\/wp-json\/wp\/v2\/posts\/66110\/revisions"}],"wp:featuredmedia":[{"embeddable":true,"href":"https:\/\/www.europesays.com\/se\/wp-json\/wp\/v2\/media\/66111"}],"wp:attachment":[{"href":"https:\/\/www.europesays.com\/se\/wp-json\/wp\/v2\/media?parent=66110"}],"wp:term":[{"taxonomy":"category","embeddable":true,"href":"https:\/\/www.europesays.com\/se\/wp-json\/wp\/v2\/categories?post=66110"},{"taxonomy":"post_tag","embeddable":true,"href":"https:\/\/www.europesays.com\/se\/wp-json\/wp\/v2\/tags?post=66110"}],"curies":[{"name":"wp","href":"https:\/\/api.w.org\/{rel}","templated":true}]}}