{"id":66128,"date":"2025-10-28T06:12:19","date_gmt":"2025-10-28T06:12:19","guid":{"rendered":"https:\/\/www.europesays.com\/se\/66128\/"},"modified":"2025-10-28T06:12:19","modified_gmt":"2025-10-28T06:12:19","slug":"ny-oro-om-trumps-halsa-efter-avslojande-och-barnbarnets-bild","status":"publish","type":"post","link":"https:\/\/www.europesays.com\/se\/66128\/","title":{"rendered":"Ny oro om Trumps h\u00e4lsa efter avsl\u00f6jande och barnbarnets bild"},"content":{"rendered":"<p>Publicerad 28 okt 2025 kl 01.36Uppdaterad kl 07.01<\/p>\n<p><img   alt=\"\"\/><\/p>\n<p>Donald Trump.<\/p>\n<p>Foto: LOUISE DELMOTTE \/ AP TT NYHETSBYR\u00c5N<\/p>\n<p>\u00d6ppna bild i helsk\u00e4rm<img loading=\"lazy\"   alt=\"\"\/><\/p>\n<p>Kai Trump.<\/p>\n<p>Foto: WILL OLIVER \/ EPA<\/p>\n<p>\u00d6ppna bild i helsk\u00e4rm<\/p>\n<p>President <a href=\"https:\/\/www.expressen.se\/tagg\/person\/donald-trump\/\" class=\"\" rel=\"nofollow noopener\" target=\"_blank\">Donald Trump<\/a> genomgick denna m\u00e5nad en MR-unders\u00f6kning, en medicinsk bildteknik som anv\u00e4nds f\u00f6r att skapa detaljerade bilder av kroppens organ och v\u00e4vnader. Det avsl\u00f6jade Trump f\u00f6r reportrar ombord p\u00e5 presidentflyget Air Force One p\u00e5 m\u00e5ndagen.<\/p>\n<p>\u2013 Jag gjorde en MR-unders\u00f6kning och den var perfekt. Jag gav er alla resultat, s\u00e4ger Trump.<\/p>\n<p>Men rapporten fr\u00e5n Vita huset-l\u00e4karen Sean Barbabella n\u00e4mnde inte att presidenten gjort en MR-unders\u00f6kning. Det n\u00e4mndes endast att Trump genomg\u00e5tt \u201davancerad bilddiagnostik\u201d (vilket \u00e4ven kan inkludera datortomografi och andra tester). Det stod heller inget om varf\u00f6r unders\u00f6kningen gjordes eller vad den faktiskt visade.<\/p>\n<p>N\u00e4mnde inte kognitivt test<\/p>\n<p>Det n\u00e4mndes inte heller i den nya rapporten om Trump genomg\u00e5tt ett kognitivt test, vilket ingick i hans h\u00e4lsounders\u00f6kning i april.\u00a0<\/p>\n<p>Efter den unders\u00f6kningen redogjorde Barbabella f\u00f6r allt fr\u00e5n Trumps laboratorietester och medicinering till hans vitala v\u00e4rden och samtliga fysiska unders\u00f6kningar han genomg\u00e5tt.<\/p>\n<p>\u201dKognitiv funktion, bed\u00f6md med hj\u00e4lp av Montreal Cognitive Assessment, var normal med ett resultat p\u00e5 30 av 30\u201d, stod det i rapporten om Trumps h\u00e4lsounders\u00f6kning i april.<\/p>\n<p>Bilden fr\u00e5n Trumps barnbarn<\/p>\n<p>Det v\u00e4ckte uppm\u00e4rksamhet n\u00e4r Trump fotograferades med synliga bl\u00e5m\u00e4rken p\u00e5 baksidan av h\u00e4nderna vid n\u00e5gra offentliga framtr\u00e4danden. Det s\u00e5g enligt <a href=\"https:\/\/www.dailystar.co.uk\/news\/us-news\/donald-trumps-granddaughter-sparks-health-36140933\" rel=\"nofollow noopener\" target=\"_blank\">Daily Star<\/a> ut som att presidenten \u201dverkat anv\u00e4nda smink f\u00f6r att f\u00f6rs\u00f6ka d\u00f6lja dem\u201d.<\/p>\n<p>Vita husets pressekreterare Karoline Leavitt h\u00e4vdade att Trump har \u201dv\u00e4vnadsskador fr\u00e5n att frekvent ha skakat hand\u201d samtidigt som han tar aspirin vilket enligt henne \u00e4r \u201den del av en standardbehandling f\u00f6r prevention av hj\u00e4rt-k\u00e4rl-sjukdomar\u201d.\u00a0<\/p>\n<p>Men n\u00e4r Kai Trump, dotter till presidentsonen Donald Trump Jr och hans ex-fru Vanessa, f\u00f6rra veckan delade flera bilder p\u00e5 Instagram v\u00e4ckte en av dem uppm\u00e4rksamhet.<\/p>\n<p>En av bilderna visade 18-\u00e5riga Kai Trump tillsammans med sin farfar p\u00e5 valnatten i november f\u00f6rra \u00e5ret. Bilden visade enligt The Financial Times att \u201dsmink anv\u00e4nts f\u00f6r att f\u00f6rs\u00f6ka d\u00f6lja bl\u00e5m\u00e4rkena\u201d p\u00e5 Trumps hand vilket har \u201d\u00f6kat spekulationerna kring presidentens h\u00e4lsa\u201d.<\/p>\n<p><strong>L\u00c4S MER: <\/strong><a href=\"https:\/\/www.expressen.se\/nyheter\/varlden\/nya-lakarbeskedet-om-donald-trumps-halsa\/\" class=\"\" rel=\"nofollow noopener\" target=\"_blank\">Nya l\u00e4karbeskedet om Donald Trumps h\u00e4lsa<\/a>Trump rasar mot KanadaH\u00f6r utspelet i natt efter orden i reklamen \u2022 \u201dFalsk\u201d<\/p>\n","protected":false},"excerpt":{"rendered":"Publicerad 28 okt 2025 kl 01.36Uppdaterad kl 07.01 Donald Trump. Foto: LOUISE DELMOTTE \/ AP TT NYHETSBYR\u00c5N \u00d6ppna&hellip;\n","protected":false},"author":2,"featured_media":66129,"comment_status":"","ping_status":"","sticky":false,"template":"","format":"standard","meta":{"footnotes":""},"categories":[5],"tags":[22,23,26,27,17,21,24,25,28,29,15,16,198,4571,18,34,55,31,33,32,30,19,204,20],"class_list":{"0":"post-66128","1":"post","2":"type-post","3":"status-publish","4":"format-standard","5":"has-post-thumbnail","7":"category-rubriker","8":"tag-breaking-news","9":"tag-breakingnews","10":"tag-featured-news","11":"tag-featurednews","12":"tag-headlines","13":"tag-huvudnyheter","14":"tag-latest-news","15":"tag-latestnews","16":"tag-main-news","17":"tag-mainnews","18":"tag-news","19":"tag-nyheter","20":"tag-person-donald-trump","21":"tag-person-kai-trump","22":"tag-rubriker","23":"tag-se","24":"tag-sections-varlden","25":"tag-svenska","26":"tag-sverige","27":"tag-sweden","28":"tag-swedish","29":"tag-top-stories","30":"tag-topic-amerikansk-politik","31":"tag-topstories"},"share_on_mastodon":{"url":"https:\/\/pubeurope.com\/@se\/115450317557718080","error":""},"_links":{"self":[{"href":"https:\/\/www.europesays.com\/se\/wp-json\/wp\/v2\/posts\/66128","targetHints":{"allow":["GET"]}}],"collection":[{"href":"https:\/\/www.europesays.com\/se\/wp-json\/wp\/v2\/posts"}],"about":[{"href":"https:\/\/www.europesays.com\/se\/wp-json\/wp\/v2\/types\/post"}],"author":[{"embeddable":true,"href":"https:\/\/www.europesays.com\/se\/wp-json\/wp\/v2\/users\/2"}],"replies":[{"embeddable":true,"href":"https:\/\/www.europesays.com\/se\/wp-json\/wp\/v2\/comments?post=66128"}],"version-history":[{"count":0,"href":"https:\/\/www.europesays.com\/se\/wp-json\/wp\/v2\/posts\/66128\/revisions"}],"wp:featuredmedia":[{"embeddable":true,"href":"https:\/\/www.europesays.com\/se\/wp-json\/wp\/v2\/media\/66129"}],"wp:attachment":[{"href":"https:\/\/www.europesays.com\/se\/wp-json\/wp\/v2\/media?parent=66128"}],"wp:term":[{"taxonomy":"category","embeddable":true,"href":"https:\/\/www.europesays.com\/se\/wp-json\/wp\/v2\/categories?post=66128"},{"taxonomy":"post_tag","embeddable":true,"href":"https:\/\/www.europesays.com\/se\/wp-json\/wp\/v2\/tags?post=66128"}],"curies":[{"name":"wp","href":"https:\/\/api.w.org\/{rel}","templated":true}]}}