{"id":66195,"date":"2025-10-28T07:31:17","date_gmt":"2025-10-28T07:31:17","guid":{"rendered":"https:\/\/www.europesays.com\/se\/66195\/"},"modified":"2025-10-28T07:31:17","modified_gmt":"2025-10-28T07:31:17","slug":"liberalernas-velande-om-sverigedemokraterna-kan-kosta-dem-riksdagsplatsen","status":"publish","type":"post","link":"https:\/\/www.europesays.com\/se\/66195\/","title":{"rendered":"Liberalernas velande om Sverigedemokraterna kan kosta dem riksdagsplatsen"},"content":{"rendered":"<p>Publicerad 28 okt 2025 kl 06.10Uppdaterad kl 06.35<\/p>\n<p>Liberalerna velar igen. Men \u00e4n finns chans att r\u00e4dda ansiktet. I slutet av november avg\u00f6rs det.<\/p>\n<p><img   alt=\"\"\/><\/p>\n<p>Mohamsson s\u00e4ger att hon vill h\u00e5lla fast vid Tid\u00f6samarbetet. Samtidigt s\u00e4ger hon nej till SD i regeringen.<\/p>\n<p>Foto: FREDRIK SANDBERG \/ TT NYHETSBYR\u00c5N<\/p>\n<p>\u00d6ppna bild i helsk\u00e4rm<img loading=\"lazy\"   alt=\"\"\/><\/p>\n<p>Runo Johansson, L, \u00e4r lokalpolitiker i Tidaholm.<\/p>\n<p>Foto: HENRIK JANSSON<\/p>\n<p>\u00d6ppna bild i helsk\u00e4rm<img loading=\"lazy\"   alt=\"\"\/><\/p>\n<p>Jimmie \u00c5kesson har sagt att SD t\u00e4nker f\u00e4lla alla regeringar d\u00e4r partiet inte ing\u00e5r.<\/p>\n<p>Foto: Fredrik Sandberg \/ TT NYHETSBYR\u00c5N<\/p>\n<p>\u00d6ppna bild i helsk\u00e4rm<img loading=\"lazy\"   alt=\"\"\/><\/p>\n<p>Simona Mohamsson kan r\u00e4ddas \u2013 av sina medlemmar.<\/p>\n<p>Foto: OLLE SPORRONG<\/p>\n<p>\u00d6ppna bild i helsk\u00e4rm<\/p>\n<p>Det \u00e4r ett obegripligt beslut. Kanske var det d\u00e4rf\u00f6r Agendas programledare inte kunde sl\u00e4ppa fr\u00e5gan n\u00e4r Liberalernas partiledare Simona Mohamsson <a href=\"https:\/\/www.svt.se\/nyheter\/inrikes\/mohamsson-l-kommer-rosta-rott-till-kristersson-om-sd-ingar-i-regeringen\" rel=\"nofollow noopener\" target=\"_blank\">intervjuades<\/a> p\u00e5 s\u00f6ndagen.<\/p>\n<p>\u2013 Hur d\u00e5, hur ska du l\u00f6sa det? Ni har helt olika budskap h\u00e4r, sa SVT:s Tomas Nordenski\u00f6ld.<\/p>\n<p>\u00c4mnet var givetvis Liberalernas nej till SD-ministrar i regeringen. F\u00f6r tv\u00e5 veckor sedan kom beskedet fr\u00e5n partistyrelsen: L t\u00e4nker inte sl\u00e4ppa fram en regering d\u00e4r Sverigedemokraterna ing\u00e5r. Knivigt l\u00e4ge, eftersom <a href=\"https:\/\/www.expressen.se\/nyheter\/politik\/akessons-lofte-da-rostar-vi-nej-till-en-m-regering\/\" rel=\"nofollow noopener\" target=\"_blank\">SD<\/a> har sagt att de t\u00e4nker r\u00f6sta blankt nej till en h\u00f6gerregering om de sj\u00e4lva inte f\u00e5r sitta med. Och partiet \u00e4r \u00e5tta g\u00e5nger st\u00f6rre i opinionen \u00e4n L.<\/p>\n<p><strong>I Agenda f\u00f6rsvarade Mohamsson linjen. Men samtidigt sa hon f\u00f6ljande:<\/strong><\/p>\n<p>\u2013 Det viktiga i svensk politik i dag \u00e4r att man v\u00e4ljer sida, att man \u00e4r tydlig med vem som \u00e4r statsministerkandidaten.<\/p>\n<p>F\u00f6r hennes del \u00e4r den personen Ulf Kristersson. Men om han plockar in Jimmie \u00c5kesson \u2013 en politiker som L haft ett n\u00e4ra samarbete med i tre \u00e5r genom Tid\u00f6avtalet \u2013 d\u00e5 r\u00f6star L r\u00f6tt. \u00c4ven om det inneb\u00e4r att Sverige g\u00e5r till nyval. \u00c4ven om det inneb\u00e4r slutet f\u00f6r <a href=\"https:\/\/www.expressen.se\/tagg\/organization\/liberalerna\/\" class=\"\" rel=\"nofollow noopener\" target=\"_blank\">Liberalerna<\/a> som riksdagsparti.<\/p>\n<p>Kanske borde kvantfysiker snarare \u00e4n statsvetare analysera partiet Liberalerna.\u00a0<\/p>\n<p><strong>Linjen saknar all form av sans, logik och verklighetskontakt. Den har retat upp Moderaterna. Mohamsson har tappat i f\u00f6rtroende. St\u00f6dr\u00f6sterna riskerar att utebli, vilket man inte har r\u00e5d med n\u00e4r man ligger runt tv\u00e5 procent i opinionsunders\u00f6kningar.<\/strong><\/p>\n<p>Men det finns hopp. Det kan visa sig att Liberalernas medlemmar \u00e4r klokare \u00e4n partistyrelsen och den v\u00e4nsterlutande Stockholmsfalangen.\u00a0<\/p>\n<p>I november har partiet landsm\u00f6te i Karlstad. Flera <a href=\"https:\/\/www.liberalerna.se\/evenemang\/landsmote2025\" rel=\"nofollow noopener\" target=\"_blank\">f\u00f6rslag<\/a> har inkommit som f\u00f6resl\u00e5r att L ska fimpa SD-skr\u00e4cken och i st\u00e4llet f\u00f6rh\u00e5lla sig nyktert till verkligheten.\u00a0<\/p>\n<p>Som Runo Johansson, kommunalr\u00e5d i Tidaholm, konstaterar i sin motion finns det tre realistiska val f\u00f6r Liberalerna.<\/p>\n<p>Det f\u00f6rsta \u00e4r att sitta i en regering tillsammans med de \u00f6vriga Tid\u00f6partierna.\u00a0<\/p>\n<p>Det andra \u00e4r att g\u00f6ra detsamma med S, V, MP och C \u2013 vilket b\u00f6r vara uteslutet f\u00f6r ett borgerligt parti som vill bygga k\u00e4rnkraft och s\u00e4nka skatter.<\/p>\n<p>Det tredje alternativet \u00e4r att inte samarbeta med n\u00e5gon och d\u00e4rmed bli ett irrelevant mittenparti, som Centerpartiet fast utan m\u00e5ngmiljonbelopp p\u00e5 b\u00f6rsen. Om man nu lyckas skrapa ihop fyra procent vill s\u00e4ga.<\/p>\n<p><strong>Landsm\u00f6tets ombud m\u00e5ste d\u00e4rmed fr\u00e5ga sig vad som \u00e4r viktigast. \u00c4r det att forts\u00e4tta driva liberal politik, styra departement och p\u00e5verka Sverige? Eller \u00e4r det att inte \u201dlegitimera\u201d vissa \u201dkrafter\u201d \u2013 n\u00e5got man redan gjort i och med Tid\u00f6samarbetet med SD?<\/strong><\/p>\n<p>Medlemmarna kan r\u00e4dda ansiktet p\u00e5 Mohamsson. Om den sakpolitiskt inriktade sidan vinner \u00f6ver \u201dgod image\u201d-falangen kan partiledaren h\u00e4nvisa till den interna demokratiska beslutsprocessen och sl\u00e5 fast att en r\u00f6st p\u00e5 L \u00e4r en r\u00f6st p\u00e5 en borgerlig regering.<\/p>\n<p>Hattigt? Ja. On\u00f6digt? Verkligen. Det \u00e4r fascinerande hur Liberalerna g\u00e5ng efter annan lyckas kr\u00e5ngla till det f\u00f6r sig sj\u00e4lva. L \u00e4r partipolitikens svar p\u00e5 kanske-mannen, som aldrig kan h\u00e5lla fast vid ett beslut och st\u00e4ndigt velar. Men det straffar sig.\u00a0<\/p>\n<p>Liberalerna m\u00e5ste t\u00e4nka om medan tid \u00e4nnu \u00e4r.<\/p>\n<p><strong>L\u00c4S MER: <\/strong><a href=\"https:\/\/www.expressen.se\/ledare\/patrik-kronqvist\/ga-inte-pa-vansterns-spinn--om-samarbete-med-sd\/\" class=\"\" rel=\"nofollow noopener\" target=\"_blank\">G\u00e5 inte p\u00e5 v\u00e4nsterns spinn  om samarbete med SD<\/a><strong>L\u00c4S MER: <\/strong><a href=\"https:\/\/www.expressen.se\/ledare\/ledare-rookien-spelade-bort-hogerns-starkaste-kort\/\" class=\"\" rel=\"nofollow noopener\" target=\"_blank\">LEDARE: Rookien spelade bort h\u00f6gerns starkaste kort<\/a><strong>L\u00c4S MER: <\/strong><a href=\"https:\/\/www.expressen.se\/ledare\/linda-jerneck\/slapp-sd-skracken-eller-do-i-mitten\/\" class=\"\" rel=\"nofollow noopener\" target=\"_blank\">Sl\u00e4pp SD-skr\u00e4cken eller d\u00f6 i mitten<\/a><a href=\"https:\/\/www.expressen.se\/nyhetsbrev\/\" title=\"Anm\u00e4l dig till ledarbrevet\" rel=\"nofollow noopener\" target=\"_blank\"><br \/>\n  <img decoding=\"async\" style=\"max-width:100%;display:block;\" src=\"https:\/\/www.europesays.com\/se\/wp-content\/uploads\/2025\/08\/640@60.jpg\"\/><br \/>\n<\/a><\/p>\n","protected":false},"excerpt":{"rendered":"Publicerad 28 okt 2025 kl 06.10Uppdaterad kl 06.35 Liberalerna velar igen. Men \u00e4n finns chans att r\u00e4dda ansiktet.&hellip;\n","protected":false},"author":2,"featured_media":66196,"comment_status":"","ping_status":"","sticky":false,"template":"","format":"standard","meta":{"footnotes":""},"categories":[5],"tags":[22,23,26,27,17,21,24,25,28,29,15,16,618,42,38,944,650,18,34,31,33,32,30,19,152,20],"class_list":{"0":"post-66195","1":"post","2":"type-post","3":"status-publish","4":"format-standard","5":"has-post-thumbnail","7":"category-rubriker","8":"tag-breaking-news","9":"tag-breakingnews","10":"tag-featured-news","11":"tag-featurednews","12":"tag-headlines","13":"tag-huvudnyheter","14":"tag-latest-news","15":"tag-latestnews","16":"tag-main-news","17":"tag-mainnews","18":"tag-news","19":"tag-nyheter","20":"tag-organization-liberalerna","21":"tag-organization-moderaterna","22":"tag-organization-sverigedemokraterna","23":"tag-person-jimmie-akesson","24":"tag-person-simona-mohamsson","25":"tag-rubriker","26":"tag-se","27":"tag-svenska","28":"tag-sverige","29":"tag-sweden","30":"tag-swedish","31":"tag-top-stories","32":"tag-topic-inrikespolitik","33":"tag-topstories"},"share_on_mastodon":{"url":"https:\/\/pubeurope.com\/@se\/115450628358552114","error":""},"_links":{"self":[{"href":"https:\/\/www.europesays.com\/se\/wp-json\/wp\/v2\/posts\/66195","targetHints":{"allow":["GET"]}}],"collection":[{"href":"https:\/\/www.europesays.com\/se\/wp-json\/wp\/v2\/posts"}],"about":[{"href":"https:\/\/www.europesays.com\/se\/wp-json\/wp\/v2\/types\/post"}],"author":[{"embeddable":true,"href":"https:\/\/www.europesays.com\/se\/wp-json\/wp\/v2\/users\/2"}],"replies":[{"embeddable":true,"href":"https:\/\/www.europesays.com\/se\/wp-json\/wp\/v2\/comments?post=66195"}],"version-history":[{"count":0,"href":"https:\/\/www.europesays.com\/se\/wp-json\/wp\/v2\/posts\/66195\/revisions"}],"wp:featuredmedia":[{"embeddable":true,"href":"https:\/\/www.europesays.com\/se\/wp-json\/wp\/v2\/media\/66196"}],"wp:attachment":[{"href":"https:\/\/www.europesays.com\/se\/wp-json\/wp\/v2\/media?parent=66195"}],"wp:term":[{"taxonomy":"category","embeddable":true,"href":"https:\/\/www.europesays.com\/se\/wp-json\/wp\/v2\/categories?post=66195"},{"taxonomy":"post_tag","embeddable":true,"href":"https:\/\/www.europesays.com\/se\/wp-json\/wp\/v2\/tags?post=66195"}],"curies":[{"name":"wp","href":"https:\/\/api.w.org\/{rel}","templated":true}]}}