{"id":66202,"date":"2025-10-28T07:39:09","date_gmt":"2025-10-28T07:39:09","guid":{"rendered":"https:\/\/www.europesays.com\/se\/66202\/"},"modified":"2025-10-28T07:39:09","modified_gmt":"2025-10-28T07:39:09","slug":"toppmilitarens-logn-forputin-ifragasatts-nu-varlden","status":"publish","type":"post","link":"https:\/\/www.europesays.com\/se\/66202\/","title":{"rendered":"Toppmilit\u00e4rens l\u00f6gn f\u00f6r\nPutin \u2013 ifr\u00e5gas\u00e4tts nu | V\u00e4rlden"},"content":{"rendered":"<p>P\u00e5 s\u00f6ndagen p\u00e5stod Rysslands toppgeneral att staden Pokrovsk var omringad.<\/p>\n<p>En ren l\u00f6gn, p\u00e5st\u00e5r flera ryssv\u00e4nliga milit\u00e4rbloggare.<\/p>\n<p>\u201dGerasimov hoppas nog att verkligheten p\u00e5 marken snart ska hinna ikapp hans rapporter\u201d, skriver Telegram-kanalen \u201dMilitary Informant\u201d.<\/p>\n<p><img   alt=\"\"\/><\/p>\n<p>P\u00e5 s\u00f6ndagen p\u00e5stod Rysslands toppgeneral att staden Pokrovsk var omringad.<\/p>\n<p>Foto: Alexei Nikolsky \/ AP TT NYHETSBYR\u00c5N<\/p>\n<p>\u00d6ppna bild i helsk\u00e4rm<img loading=\"lazy\"   alt=\"\"\/><\/p>\n<p>En ren l\u00f6gn, menar flera ryssv\u00e4nliga milit\u00e4rbloggare.<\/p>\n<p>Foto: DMITRY AZAROV \/ KOMMERSANT PHOTO \/ POLARIS POLARIS IMAGES<\/p>\n<p>\u00d6ppna bild i helsk\u00e4rm<img loading=\"lazy\"   alt=\"\"\/><\/p>\n<p>En ukrainsk stridsvagn i Pokrovsk.<\/p>\n<p>Foto: ANATOLII STEPANOV<\/p>\n<p>\u00d6ppna bild i helsk\u00e4rm<\/p>\n<p>Under ett m\u00f6te med Putin p\u00e5 s\u00f6ndagen rapporterade Ryssland toppgeneral Valerij Gerasimovs att den viktiga staden Pokrovsk i \u00f6stra Ukraina \u00e4r omringad av ryska trupper.<\/p>\n<p>\u2013 Nu st\u00e5r trupperna inf\u00f6r den viktiga uppgiften att f\u00f6rg\u00f6ra de omringade ukrainska trupperna i omr\u00e5det, sa Gerasimov under m\u00f6tet enligt Tass.<\/p>\n<p>Redan ett par timmar efter p\u00e5st\u00e5endet slogs det ner av flera tunga k\u00e4llor. Den ansedda tankesmedjan <a href=\"https:\/\/understandingwar.org\/research\/russia-ukraine\/russian-offensive-campaign-assessment-october-26-2025\/\" rel=\"nofollow noopener\" target=\"_blank\">Institute for the Study of War<\/a> menade att Gerasimovs uttalande \u201dmed all sannolikhet \u00e4r falskt\u201d.<\/p>\n<p>De annars v\u00e4lvilliga milit\u00e4rbloggarna, en sorts ryska krigskorrespondenter som rapporterar via Telegram, h\u00e5ller med.<\/p>\n<p>\u201dHoppas att verkligheten hinner ikapp hans rapporter\u201d<\/p>\n<p>En av de st\u00f6rsta milit\u00e4rbloggarna \u00e4r Telegram-kanalen \u201dMilitary Informant\u201d. De skrev under s\u00f6ndagen att Gerasimovs rapporter sannolikt \u00e4r falska.<\/p>\n<p>\u201dKanske \u00e4r det s\u00e5 att Gerasimov \u00e5terigen springer f\u00f6re t\u00e5get, och hoppas nog att verkligheten p\u00e5 marken snart ska hinna ikapp hans rapporter\u201d, skriver kanalen enligt Moscow Times.<\/p>\n<p>Enligt Gerasimov ska ryska trupper ha omringat omkring 5 500 ukrainska soldater i omr\u00e5det kring Pokrovsk i Donetskregionen och ytterligare omkring 5 000 soldater i Kupjansk i Charkivregionen.<\/p>\n<p>\u201dMilitary Informant\u201d, som enligt Moscow Times \u00e4r p\u00e5 plats i Donetsk, menar att det inte alls handlar om s\u00e5 stora siffror.<\/p>\n<p>\u201d\u00c4ven om en lokal inringning skulle ske n\u00e5gonstans, visar erfarenheten att fienden kan forts\u00e4tta strida l\u00e4nge trots att de \u00e4r avskurna, d\u00e5 de helt kan f\u00f6rs\u00f6rjas med hj\u00e4lp av dr\u00f6nare\u201d.<\/p>\n<p>\u201d\u00d6verdriver kraftigt\u201d<\/p>\n<p>ISW menar att Putin och Kreml har en vana att kraftigt \u00f6verdriva sina vinster p\u00e5 slagf\u00e4ltet, och tar upp de sm\u00e5 byarna Dronivka och Plestjejevka som exempel.<\/p>\n<p>\u201dKreml framst\u00e4ller ocks\u00e5 intagandet av sm\u00e5 samh\u00e4llen utan operativ betydelse som stora framg\u00e5ngar. Dronivka omfattar mindre \u00e4n sex kvadratkilometer och Pleshchejevka mindre \u00e4n fyra kvadratkilometer. I b\u00e5da fallen bodde cirka 600 personer d\u00e4r f\u00f6re kriget\u201d, skriver ISW.<\/p>\n<p>P\u00e5 samma m\u00f6te menade Putin att Ryssland nyligen testat en ny ballistisk robot som kan tr\u00e4ffa m\u00e5l 1 200 mil bort.<\/p>\n<p>\u2013 Det \u00e4r verkligen ett unikt vapen, ett som inget annat land i v\u00e4rlden har, sa Putin.<\/p>\n<p>Donald Trump svarade p\u00e5 m\u00e5ndagen.<\/p>\n<p>\u2013 Vi har en atomub\u00e5t, den b\u00e4sta i v\u00e4rlden, precis utanf\u00f6r deras kust. V\u00e5ra robotar beh\u00f6ver inte f\u00e4rdas s\u00e5 l\u00e5ngt, s\u00e4ger presidenten.<\/p>\n<p><strong>L\u00c4S MER: <\/strong><a href=\"https:\/\/www.expressen.se\/nyheter\/varlden\/ryska-pastaendet-pokrovsk-omringat\/\" class=\"\" rel=\"nofollow noopener\" target=\"_blank\">Ryska p\u00e5st\u00e5endet: Pokrovsk omringat<\/a><strong>L\u00c4S MER: <\/strong><a href=\"https:\/\/www.expressen.se\/nyheter\/varlden\/kirill-dmitrijevs-kaxiga-besked-om-oljesanktionerna-putins-man-i-usa\/\" class=\"\" rel=\"nofollow noopener\" target=\"_blank\">Kirill Dmitrijevs kaxiga besked om oljesanktionerna \u2013 Putins man i USA<\/a><strong>L\u00c4S MER: <\/strong><a href=\"https:\/\/www.expressen.se\/nyheter\/varlden\/viktiga-pokrovsk-riskerar-att-falla-bortom-kritiskt\/\" class=\"\" rel=\"nofollow noopener\" target=\"_blank\">Viktiga Pokrovsk riskerar att falla: \u201dBortom kritiskt\u201d<\/a><img alt=\"\"\/>Ljudklippet gick inte att spela upp<\/p>\n<p>F\u00f6rs\u00f6k igen senare<\/p>\n","protected":false},"excerpt":{"rendered":"P\u00e5 s\u00f6ndagen p\u00e5stod Rysslands toppgeneral att staden Pokrovsk var omringad. En ren l\u00f6gn, p\u00e5st\u00e5r flera ryssv\u00e4nliga milit\u00e4rbloggare. \u201dGerasimov&hellip;\n","protected":false},"author":2,"featured_media":66203,"comment_status":"","ping_status":"","sticky":false,"template":"","format":"standard","meta":{"footnotes":""},"categories":[5],"tags":[22,23,26,27,17,21,24,25,28,29,15,276,16,18,34,55,31,33,32,30,19,20],"class_list":{"0":"post-66202","1":"post","2":"type-post","3":"status-publish","4":"format-standard","5":"has-post-thumbnail","7":"category-rubriker","8":"tag-breaking-news","9":"tag-breakingnews","10":"tag-featured-news","11":"tag-featurednews","12":"tag-headlines","13":"tag-huvudnyheter","14":"tag-latest-news","15":"tag-latestnews","16":"tag-main-news","17":"tag-mainnews","18":"tag-news","19":"tag-newsstory-kriget-i-ukraina","20":"tag-nyheter","21":"tag-rubriker","22":"tag-se","23":"tag-sections-varlden","24":"tag-svenska","25":"tag-sverige","26":"tag-sweden","27":"tag-swedish","28":"tag-top-stories","29":"tag-topstories"},"share_on_mastodon":{"url":"https:\/\/pubeurope.com\/@se\/115450659636343586","error":""},"_links":{"self":[{"href":"https:\/\/www.europesays.com\/se\/wp-json\/wp\/v2\/posts\/66202","targetHints":{"allow":["GET"]}}],"collection":[{"href":"https:\/\/www.europesays.com\/se\/wp-json\/wp\/v2\/posts"}],"about":[{"href":"https:\/\/www.europesays.com\/se\/wp-json\/wp\/v2\/types\/post"}],"author":[{"embeddable":true,"href":"https:\/\/www.europesays.com\/se\/wp-json\/wp\/v2\/users\/2"}],"replies":[{"embeddable":true,"href":"https:\/\/www.europesays.com\/se\/wp-json\/wp\/v2\/comments?post=66202"}],"version-history":[{"count":0,"href":"https:\/\/www.europesays.com\/se\/wp-json\/wp\/v2\/posts\/66202\/revisions"}],"wp:featuredmedia":[{"embeddable":true,"href":"https:\/\/www.europesays.com\/se\/wp-json\/wp\/v2\/media\/66203"}],"wp:attachment":[{"href":"https:\/\/www.europesays.com\/se\/wp-json\/wp\/v2\/media?parent=66202"}],"wp:term":[{"taxonomy":"category","embeddable":true,"href":"https:\/\/www.europesays.com\/se\/wp-json\/wp\/v2\/categories?post=66202"},{"taxonomy":"post_tag","embeddable":true,"href":"https:\/\/www.europesays.com\/se\/wp-json\/wp\/v2\/tags?post=66202"}],"curies":[{"name":"wp","href":"https:\/\/api.w.org\/{rel}","templated":true}]}}