{"id":66209,"date":"2025-10-28T07:47:14","date_gmt":"2025-10-28T07:47:14","guid":{"rendered":"https:\/\/www.europesays.com\/se\/66209\/"},"modified":"2025-10-28T07:47:14","modified_gmt":"2025-10-28T07:47:14","slug":"nwt-insandare-tragen-vinner","status":"publish","type":"post","link":"https:\/\/www.europesays.com\/se\/66209\/","title":{"rendered":"NWT &#8211; Ins\u00e4ndare: Tr\u00e4gen vinner"},"content":{"rendered":"<p class=\"break-words mb-4 mx-auto max-w-xl\">Vad s\u00e4ger man? Jo, tr\u00e4gen vinner.<\/p>\n<p class=\"break-words mb-4 mx-auto max-w-xl\">Nu kommer det en ny remiss i den infekterade <a href=\"https:\/\/www.nwt.se\/2025\/06\/15\/lasse-wallin-forlorade-jobbet-efter-hemligt-peth-test-lakaren-brot-mot-lagen-40804\/\" rel=\"nofollow noopener\" target=\"_blank\">peth-provsh\u00e4rvan<\/a>. Transportstyrelsen backar p\u00e5 i stort sett alla punkter som de tidigare haft till grund f\u00f6r att \u00e5terkalla k\u00f6rkort g\u00e4llande f\u00f6rh\u00f6jda peth-v\u00e4rden, utan att man gjort sig skyldig till n\u00e5got brott som till exempel en rattfylla. <\/p>\n<p class=\"break-words mb-4 mx-auto max-w-xl\">Det visar sig nu att vi m\u00e5nga drabbade har blivit \u201dd\u00f6mda\u201d p\u00e5 ett mycket grovt och felaktigt s\u00e4tt. F\u00f6r m\u00e5nga har detta inneburit att man blivit av med jobbet, lidit en ekonomisk f\u00f6rlust och samtidigt genomlidit en mardr\u00f6m innan man kunnat f\u00e5 tillbaka sitt k\u00f6rkort.<\/p>\n<p class=\"break-words mb-4 mx-auto max-w-xl\">Allt detta har allts\u00e5 Transportstyrelsen erk\u00e4nt, att \u00e5terkallande av k\u00f6rkort skett p\u00e5 felaktiga grunder. \u00c4ven en del l\u00e4kare som tydligen haft en agenda att anm\u00e4la personer till Transportstyrelsen f\u00e5r nu r\u00e4tta sig efter nytt regelverk.<\/p>\n<p class=\"break-words mb-4 mx-auto max-w-xl\">I remissen st\u00e5r det att de nya reglerna \u201dkan bidra till en b\u00e4ttre relation med l\u00e4kare, \u00f6kad \u00e4rlighet i v\u00e5rdkontakt och f\u00f6rb\u00e4ttrade levnadsvillkor\u201d. Den du!<\/p>\n<p class=\"break-words mb-4 mx-auto max-w-xl\">Tillsammans med andra som brinner f\u00f6r saken har vi k\u00e4mpat f\u00f6r att f\u00e5 uppr\u00e4ttelse, vilket nu visar sig ha burit frukt.<\/p>\n<p class=\"break-words mb-4 mx-auto max-w-xl\">Nu \u00e4r det \u00e4n s\u00e5 l\u00e4nge en remiss, men stora delar av den kommer att g\u00e5 igenom. D\u00e5 ska ingen beh\u00f6va g\u00e5 igenom samma mardr\u00f6m som vi.<\/p>\n<p>Lasse Wallin<\/p>\n","protected":false},"excerpt":{"rendered":"Vad s\u00e4ger man? Jo, tr\u00e4gen vinner. Nu kommer det en ny remiss i den infekterade peth-provsh\u00e4rvan. Transportstyrelsen backar&hellip;\n","protected":false},"author":2,"featured_media":66210,"comment_status":"","ping_status":"","sticky":false,"template":"","format":"standard","meta":{"footnotes":""},"categories":[5],"tags":[22,23,26,27,17,21,24,25,28,29,15,16,18,34,31,33,32,30,19,20],"class_list":{"0":"post-66209","1":"post","2":"type-post","3":"status-publish","4":"format-standard","5":"has-post-thumbnail","7":"category-rubriker","8":"tag-breaking-news","9":"tag-breakingnews","10":"tag-featured-news","11":"tag-featurednews","12":"tag-headlines","13":"tag-huvudnyheter","14":"tag-latest-news","15":"tag-latestnews","16":"tag-main-news","17":"tag-mainnews","18":"tag-news","19":"tag-nyheter","20":"tag-rubriker","21":"tag-se","22":"tag-svenska","23":"tag-sverige","24":"tag-sweden","25":"tag-swedish","26":"tag-top-stories","27":"tag-topstories"},"share_on_mastodon":{"url":"https:\/\/pubeurope.com\/@se\/115450691156298771","error":""},"_links":{"self":[{"href":"https:\/\/www.europesays.com\/se\/wp-json\/wp\/v2\/posts\/66209","targetHints":{"allow":["GET"]}}],"collection":[{"href":"https:\/\/www.europesays.com\/se\/wp-json\/wp\/v2\/posts"}],"about":[{"href":"https:\/\/www.europesays.com\/se\/wp-json\/wp\/v2\/types\/post"}],"author":[{"embeddable":true,"href":"https:\/\/www.europesays.com\/se\/wp-json\/wp\/v2\/users\/2"}],"replies":[{"embeddable":true,"href":"https:\/\/www.europesays.com\/se\/wp-json\/wp\/v2\/comments?post=66209"}],"version-history":[{"count":0,"href":"https:\/\/www.europesays.com\/se\/wp-json\/wp\/v2\/posts\/66209\/revisions"}],"wp:featuredmedia":[{"embeddable":true,"href":"https:\/\/www.europesays.com\/se\/wp-json\/wp\/v2\/media\/66210"}],"wp:attachment":[{"href":"https:\/\/www.europesays.com\/se\/wp-json\/wp\/v2\/media?parent=66209"}],"wp:term":[{"taxonomy":"category","embeddable":true,"href":"https:\/\/www.europesays.com\/se\/wp-json\/wp\/v2\/categories?post=66209"},{"taxonomy":"post_tag","embeddable":true,"href":"https:\/\/www.europesays.com\/se\/wp-json\/wp\/v2\/tags?post=66209"}],"curies":[{"name":"wp","href":"https:\/\/api.w.org\/{rel}","templated":true}]}}