{"id":66213,"date":"2025-10-28T07:52:10","date_gmt":"2025-10-28T07:52:10","guid":{"rendered":"https:\/\/www.europesays.com\/se\/66213\/"},"modified":"2025-10-28T07:52:10","modified_gmt":"2025-10-28T07:52:10","slug":"stark-tillvaxt-i-aterkommande-intakter-och-anvandare-annonsintakter-paverkade-av-externa-utmaningar","status":"publish","type":"post","link":"https:\/\/www.europesays.com\/se\/66213\/","title":{"rendered":"Stark tillv\u00e4xt i \u00e5terkommande int\u00e4kter och anv\u00e4ndare, annonsint\u00e4kter p\u00e5verkade av externa utmaningar"},"content":{"rendered":"<p>&#13;<br \/>\n                        &#13;<br \/>\n&#13;<\/p>\n<p>                                    <img decoding=\"async\" src=\"https:\/\/www.europesays.com\/se\/wp-content\/uploads\/2025\/10\/896a212fa639b9c1_400x400ar.png\"\/><br \/>\n                                &#13;<br \/>\n&#13;<\/p>\n<p><strong>Del\u00e5rsrapport januari-september 2025<\/strong><\/p>\n<p><strong>Truecaller, den ledande globala plattformen f\u00f6r att verifiera kontakter och blockera o\u00f6nskad kommunikation, rapporterar en \u00f6kad nettooms\u00e4ttning med 2% till 467,9 (457,3) Mkr, i fasta valutor var tillv\u00e4xten cirka 14%. I fasta valutor \u00f6kade prenumerationsint\u00e4kterna med cirka 55%, f\u00f6retagsint\u00e4kterna med cirka 39% medan annonsint\u00e4kterna minskade med cirka 1%. EBITDA-resultatet exklusive kostnader f\u00f6r incitamentsprogram minskade med 1% och marginalen uppgick till 39,8% (41,0), i fasta valutor var \u00f6kningen cirka 14%. EBITDA inklusive incitamentkostnader minskade med 3% och EBITDA-marginalen uppgick till 34,8% (36,6%), i fasta valutor var \u00f6kningen cirka 14%. Under kvartalet adderades ytterligare 15 miljoner m\u00e5natliga anv\u00e4ndare.<\/strong><\/p>\n<p>&#13;<\/p>\n<p style=\"margin-bottom:0pt;margin-top:12px;\"><strong>VD-ord<\/strong><\/p>\n<p style=\"margin-bottom:0pt; margin-top:0pt;\">\u201dUnder det tredje kvartalet fortsatte vi att se mycket stark tillv\u00e4xt i v\u00e5ra \u00e5terkommande int\u00e4ktsstr\u00f6mmar. Int\u00e4kterna fr\u00e5n Premium-prenumerationer \u00f6kade med 55% i fast valuta, drivet av en \u00f6kning av konverteringar till betalande anv\u00e4ndare p\u00e5 b\u00e5de Android och iOS. Vi uppn\u00e5dde den h\u00f6gsta tillv\u00e4xten n\u00e5gonsin i antalet prenumeranter under kvartalet, vilket speglar ett starkt engagemang f\u00f6r v\u00e5r produkt och fortsatt konsumentefterfr\u00e5gan.<\/p>\n<p style=\"margin-bottom:0pt; margin-top:0pt;\">\u00a0<\/p>\n<p style=\"margin-bottom:0pt; margin-top:0pt;\">Vi s\u00e5g ocks\u00e5 fortsatt stark tillv\u00e4xt f\u00f6r Truecaller for Business, d\u00e4r int\u00e4kterna \u00f6kade med 39% i fast valuta, st\u00f6dd av fortsatt l\u00e5g kundbortfall, \u00f6kad f\u00f6retagsanv\u00e4ndning och geografisk diversifiering. Att \u00f6ka v\u00e5ra \u00e5terkommande int\u00e4kter \u00e4r fortsatt ett av v\u00e5ra viktigaste strategiska m\u00e5l, och vi kommer att intensifiera v\u00e5ra anstr\u00e4ngningar ytterligare fram\u00f6ver.<\/p>\n<p style=\"margin-bottom:0pt; margin-top:0pt;\">\u00a0<\/p>\n<p style=\"margin-bottom:0pt; margin-top:0pt;\">V\u00e5r annonsverksamhet m\u00f6tte en utmanande marknadsmilj\u00f6, och int\u00e4kterna minskade med 1% i fast valuta. Kvartalet b\u00f6rjade starkt, med \u00f6kad efterfr\u00e5gan fr\u00e5n juli till mitten av augusti. D\u00e4refter b\u00f6rjade faktorer utanf\u00f6r v\u00e5r kontroll \u2013 fr\u00e4mst makroekonomisk os\u00e4kerhet p\u00e5 grund av p\u00e5g\u00e5ende handelstullsdiskussioner och det regulatoriska f\u00f6rbudet mot Real Money Gaming (RMG) i Indien \u2013 att p\u00e5verka den totala efterfr\u00e5gan p\u00e5 den indiska annonsmarknaden negativt. Valutakurseffekter fortsatte ocks\u00e5 att vara en motvind. Ut\u00f6ver detta gjorde v\u00e5r st\u00f6rsta annonsn\u00e4tverkspartner en f\u00f6r\u00e4ndring i sin algoritm f\u00f6r klicksp\u00e5rning utan f\u00f6rvarning eller tydlig f\u00f6rklaring, vilket orsakade en nedg\u00e5ng i int\u00e4kterna f\u00f6r oss och flera andra stora publicister \u2013 trots att anv\u00e4ndarbeteendet och annonsleveransen p\u00e5 v\u00e5r plattform var of\u00f6r\u00e4ndrade. Detta bidrog i h\u00f6g grad till svagare annonsint\u00e4kter under andra halvan av kvartalet. Vi arbetar h\u00e5rt f\u00f6r att \u00e5terh\u00e4mta oss fr\u00e5n detta och slutar inte f\u00f6rr\u00e4n problemet \u00e4r helt l\u00f6st.<\/p>\n<p style=\"margin-bottom:0pt; margin-top:0pt;\">\u00a0<\/p>\n<p style=\"margin-bottom:0pt; margin-top:0pt;\">\u00c4ven om dessa h\u00e4ndelser har en negativ effekt p\u00e5 int\u00e4kterna nu, st\u00e4rker de v\u00e5r \u00f6vertygelse om strategin att diversifiera v\u00e5ra int\u00e4ktsstr\u00f6mmar och k\u00e4llor f\u00f6r v\u00e5ra annonsint\u00e4kter \u00e4r helt r\u00e4tt. Grunderna i v\u00e5r annonsverksamhet \u00e4r fortsatt starka, men det som tagit oss hit kommer inte att ta oss till n\u00e4sta fas av tillv\u00e4xt. Vi forts\u00e4tter d\u00e4rf\u00f6r att arbeta mot v\u00e5ra l\u00e5ngsiktiga strategiska m\u00e5l: en tydlig f\u00f6rskjutning mot mer direktf\u00f6rs\u00e4ljning av annonser, mer annonstrafik p\u00e5 v\u00e5r egna annonsplattform och en mer diversifierad geografisk mix. Vi st\u00e4rker v\u00e5r kapacitet f\u00f6r att genomf\u00f6ra dessa m\u00e5l och tecknar l\u00f6pande fler direkta annonskunder fr\u00e5n olika branscher samt nya efterfr\u00e5gepartners.<\/p>\n<p style=\"margin-bottom:0pt; margin-top:0pt;\">\u00a0<\/p>\n<p style=\"margin-bottom:0pt; margin-top:0pt;\">En annan viktig del av annonsstrategin var lanseringen av adVantage under Q3 \u2013 v\u00e5r egenutvecklade, AI-drivna rekommendationsmotor som m\u00f6jligg\u00f6r exakt segmentering och m\u00e5lgruppsinriktning med hj\u00e4lp av AI. Plattformen har testats under \u00e5ret och har konsekvent levererat f\u00f6rb\u00e4ttrad avkastning (ROI) b\u00e5de f\u00f6r v\u00e5r annonsverksamhet och f\u00f6r Truecaller for Business, och den skalas nu upp ytterligare.<\/p>\n<p style=\"margin-bottom:0pt; margin-top:0pt;\">\u00a0<\/p>\n<p style=\"margin-bottom:0pt; margin-top:0pt;\">Under de senaste tre \u00e5ren har vi avsev\u00e4rt minskat v\u00e5rt beroende av v\u00e5ra tv\u00e5 st\u00f6rsta annonspartners \u2013 fr\u00e5n 71% av de totala int\u00e4kterna 2022 till cirka 45% under Q3 2025. Vi kommer att forts\u00e4tta denna diversifiering, vilket \u00f6ver tid kommer att st\u00e4rka v\u00e5r f\u00f6rm\u00e5ga att hantera marknadsfluktuationer och skapa en mer robust tillv\u00e4xtbas f\u00f6r framtiden.<\/p>\n<p style=\"margin-bottom:0pt; margin-top:0pt;\">\u00a0<\/p>\n<p style=\"margin-bottom:0pt; margin-top:0pt;\">N\u00e4r det g\u00e4ller v\u00e5rt finansiella resultat s\u00e5 \u00f6kade de totala nettoint\u00e4kterna med 2% under kvartalet (14% i fast valuta). EBITDA minskade med 3% (\u00f6kade med 14% i fast valuta) samtidigt som EBITDA-marginalen var stabil p\u00e5 34,7% (36,6% i fast valuta).<\/p>\n<p style=\"margin-bottom:0pt; margin-top:0pt;\">\u00a0<\/p>\n<p style=\"margin-bottom:0pt; margin-top:0pt;\">Anv\u00e4ndarengagemanget och adoptionen forts\u00e4tter att vara mycket stark, vilket understryker plattformens relevans och f\u00f6rtroende. Vi har nu passerat 450 miljoner aktiva anv\u00e4ndare globalt p\u00e5 Android, och prenumerationstillv\u00e4xten \u00e4r fortsatt stark p\u00e5 b\u00e5de iOS och Android, vilket visar p\u00e5 den stora efterfr\u00e5gan p\u00e5 s\u00e4krare och mer tillf\u00f6rlitlig kommunikation.<\/p>\n<p style=\"margin-bottom:0pt; margin-top:0pt;\">\u00a0<\/p>\n<p style=\"margin-bottom:0pt; margin-top:0pt;\">Vi befinner oss i ett l\u00e4ge d\u00e4r v\u00e5ra l\u00e5ngsiktiga ambitioner \u00e4r fullt uppn\u00e5eliga \u2013 men de kr\u00e4ver fortsatt fokus och engagemang. Externa motvindar, s\u00e5som valutafluktuationer och sv\u00e4ngningar p\u00e5 annonsmarknaden, g\u00f6r att det blivit mer utmanande \u00e4n f\u00f6rv\u00e4ntat att n\u00e5 v\u00e5rt finansiella m\u00e5l f\u00f6r 2025. Samtidigt har v\u00e5r anv\u00e4ndarbas och v\u00e5ra tillv\u00e4xtm\u00f6jligheter totalt sett \u00f6vertr\u00e4ffat v\u00e5ra ursprungliga f\u00f6rv\u00e4ntningar. D\u00e4rf\u00f6r forts\u00e4tter vi att investera \u2013 b\u00e5de i v\u00e5r annonsverksamhet och, \u00e4nnu mer strategiskt, i v\u00e5ra \u00e5terkommande int\u00e4ktsstr\u00f6mmar samt i produktutveckling f\u00f6r v\u00e5ra befintliga kunder. Vi \u00e4r \u00f6vertygade om att detta \u00f6ver tid kommer att leda till h\u00f6gre genomsnittlig int\u00e4kt per anv\u00e4ndare och starkare int\u00e4ktstillv\u00e4xt, vilket i sin tur gynnar v\u00e5ra aktie\u00e4gare.<\/p>\n<p style=\"margin-bottom:0pt; margin-top:0pt;\">\u00a0<\/p>\n<p style=\"margin-bottom:0pt; margin-top:0pt;\">Sedan jag tog \u00f6ver som vd i b\u00f6rjan av \u00e5ret har vi m\u00f6tt v\u00e5r besk\u00e4rda del av marknadsvolatilitet och externa utmaningar, och det finns fortfarande arbete kvar att g\u00f6ra f\u00f6r att helt \u00f6vervinna dessa. Men teamet och jag \u00e4r fokuserade p\u00e5 de delar av verksamheten som vi kan p\u00e5verka \u2013 global anv\u00e4ndartillv\u00e4xt, tillv\u00e4xt i premiumprenumeranter, att v\u00e4xa ARR fr\u00e5n v\u00e5ra f\u00f6retagskunder, den direkta annonsf\u00f6rs\u00e4ljningen och partnerdiversifiering \u2013 och alla dessa omr\u00e5den utvecklas v\u00e4l. Detta p\u00e5skyndar v\u00e5r strategiska utveckling och positionerar Truecaller f\u00f6r f\u00f6rnyad tillv\u00e4xt inom annonsering. V\u00e5ra \u00e5terkommande int\u00e4ktsstr\u00f6mmar forts\u00e4tter att v\u00e4xa i h\u00f6g och stabil takt, och bortsett fr\u00e5n valutamotvindar visar vi ocks\u00e5 fortsatt god total int\u00e4ktstillv\u00e4xt.<\/p>\n<p style=\"margin-bottom:0pt; margin-top:0pt;\">\u00a0<\/p>\n<p style=\"margin-bottom:0pt; margin-top:0pt;\">Jag \u00e4r \u00f6vertygad om att v\u00e5ra produkter och tj\u00e4nster kommer att forts\u00e4tta m\u00f6ta \u00f6kad efterfr\u00e5gan, och att vi \u00e4ven fram\u00f6ver kommer att vara den b\u00e4sta globala l\u00f6sningen f\u00f6r s\u00e4ker och trygg samtals- och meddelandekommunikation\u201d s\u00e4ger Rishit Jhunjhunwala, vd Truecaller.<\/p>\n<p>Juli-september 2025 (Q3)\u00a0\u00a0\u00a0\u00a0\u00a0\u00a0 <\/p>\n<p>J\u00e4mf\u00f6relsesiffror avser juli-september 2024<\/p>\n<ul style=\" margin-bottom:0; margin-left:0; margin-right:0; margin-top:0;\">\n<li style=\" margin-bottom:5.65pt; margin-left:23.3pt;\"><strong>Nettooms\u00e4ttningen <\/strong>\u00f6kade med 2 procent och uppgick till 467,9 (457,3) Mkr. Nettooms\u00e4ttningen i fasta valutor \u00f6kade med cirka 14 procent.<\/li>\n<li style=\" margin-bottom:5.65pt; margin-left:23.3pt;\"><strong>EBITDA <\/strong>exklusive kostnader f\u00f6r incitamentsprogram minskade med 1 procent och uppgick till 186,2 (187,3) Mkr vilket motsvarar en EBITDA-marginal om 39,8 (41,0) procent. I fast valuta var \u00f6kningen cirka 14 procent.\u00a0 <\/li>\n<li style=\" margin-bottom:5.65pt; margin-left:23.3pt;\"><strong>EBITDA inklusive kostnader f\u00f6r incitamentsprogram <\/strong>minskade med 3 procent till 162,6 (167,4) Mkr, motsvarande en EBITDA-marginal om 34,8 (36,6) procent. I fast valuta var \u00f6kningen cirka 14 procent. <\/li>\n<li style=\" margin-bottom:5.65pt; margin-left:23.3pt;\"><strong>Resultatet efter skatt <\/strong>uppgick till 108,5 (117,8) Mkr.<\/li>\n<li style=\" margin-bottom:5.65pt; margin-left:23.3pt;\"><strong>Resultat per aktie <\/strong>uppgick till 0,32 (0,34) kr f\u00f6re utsp\u00e4dning och 0,32 (0,34) kr efter utsp\u00e4dning.<\/li>\n<li style=\" margin-bottom:5.65pt; margin-left:23.3pt;\"><strong>Antalet aktiva anv\u00e4ndare (exklusive iOS) <\/strong>i genomsnitt per m\u00e5nad (MAU)<strong> <\/strong>\u00f6kade med 56,3 miljoner till 441,7 (385,4) miljoner.<\/li>\n<li style=\" margin-bottom:5.65pt; margin-left:23.3pt;\"><strong>Oms\u00e4ttningen <\/strong>\u00f6kade med 14 procent i Mellan\u00f6stern och Afrika, med 21 procent i resten av v\u00e4rlden samt minskade med 4 procent i Indien<\/li>\n<\/ul>\n<p style=\"margin-bottom:5.65pt; margin-left:26.5pt; margin-top:0pt;\"><strong>\u00a0<\/strong><\/p>\n<p>Januari-september 2025\u00a0\u00a0\u00a0\u00a0\u00a0\u00a0 <\/p>\n<p>J\u00e4mf\u00f6relsesiffror avser januari-september 2024<\/p>\n<ul style=\" margin-bottom:0; margin-left:0; margin-right:0; margin-top:0;\">\n<li style=\" margin-bottom:5.65pt; margin-left:23.3pt;\"><strong>Nettooms\u00e4ttningen <\/strong>\u00f6kade med 9 procent och uppgick till 1,461,2 (1,340,4) Mkr. Nettooms\u00e4ttningen i fasta valutor \u00f6kade med cirka 18 procent.<\/li>\n<li style=\" margin-bottom:5.65pt; margin-left:23.3pt;\"><strong>EBITDA exklusive kostnader f\u00f6r incitamentsprogram <\/strong>\u00f6kade med 13 procent och uppgick till 596,4 (526,5) Mkr vilket motsvarar en EBITDA-marginal om 40,8 (39,3) procent. I fast valuta var \u00f6kningen cirka 26 procent.<strong>\u00a0 <\/strong><\/li>\n<li style=\" margin-bottom:5.65pt; margin-left:23.3pt;\"><strong>EBITDA inklusive kostnader f\u00f6r incitamentsprogram <\/strong>var stabil och uppgick till 484,4 (483,1) Mkr, motsvarande en EBITDA-marginal om 33,1 (36,0) procent. I fast valuta var \u00f6kningen cirka 14 procent. <\/li>\n<li style=\" margin-bottom:5.65pt; margin-left:23.3pt;\"><strong>Resultatet efter skatt <\/strong>uppgick till 328,2 (373,9) Mkr.<\/li>\n<li style=\" margin-bottom:5.65pt; margin-left:23.3pt;\"><strong>Resultat per aktie <\/strong>uppgick till 0,96 (1,08) kr f\u00f6re utsp\u00e4dning och 0,96 (1,08) kr efter utsp\u00e4dning.<\/li>\n<li style=\" margin-bottom:5.65pt; margin-left:23.3pt;\"><strong>Oms\u00e4ttningen <\/strong>\u00f6kade med 5 procent i Indien, med 22 procent i Mellan\u00f6stern och Afrika och med 19 procent i resten av v\u00e4rlden<strong>.<\/strong><\/li>\n<\/ul>\n<p style=\"margin-bottom:5.65pt; margin-top:0pt;\"><strong>\u00a0<\/strong><\/p>\n<p style=\"margin-bottom:5.65pt; margin-top:0pt;\"><strong>Presentation av rapporten <\/strong>\u00a0<\/p>\n<p style=\"margin-bottom:5.65pt; margin-top:0pt;\">Rishit Jhunjhunwala, CEO och Odd Bolin, CFO presenterar rapporten och svarar p\u00e5 fr\u00e5gor<\/p>\n<p style=\"margin-bottom:5.65pt; margin-top:0pt;\">i en webcast och telefonkonferens, den 28 oktober kl 13.00 CET. Presentationen kommer<\/p>\n<p style=\"margin-bottom:5.65pt; margin-top:0pt;\">att h\u00e5llas p\u00e5 engelska.<\/p>\n<p style=\"margin-bottom:0pt; margin-top:0pt;\">\u00a0<\/p>\n<p style=\"margin-bottom:0pt; margin-top:0pt;\">Om du \u00f6nskar delta via webcasten g\u00e5 in p\u00e5 nedan l\u00e4nk. <\/p>\n<p style=\" margin-bottom:0pt; margin-top:0pt;\"><a href=\"https:\/\/truecaller.events.inderes.com\/q3-report-2025\" target=\"_blank\" rel=\"nofollow noopener\">https:\/\/truecaller.events.inderes.com\/q3-report-2025<\/a><\/p>\n<p style=\"margin-bottom:0pt; margin-top:0pt;\">\u00a0<\/p>\n<p style=\"margin-bottom:0pt; margin-top:0pt;\">Om du \u00f6nskar delta via telefonkonferens registrerar du dig via l\u00e4nken nedan. Efter registreringen f\u00e5r du telefonnummer och ett konferens-ID f\u00f6r att logga in till konferensen. Via telefonkonferensen finns m\u00f6jlighet att st\u00e4lla muntliga fr\u00e5gor.<\/p>\n<p style=\"margin-bottom:0pt; margin-top:0pt;\">\u00a0<\/p>\n<p style=\" margin-bottom:0pt; margin-top:0pt;\"><a href=\"https:\/\/conference.inderes.com\/teleconference\/?id=50051980\" target=\"_blank\" rel=\"nofollow noopener\">https:\/\/conference.inderes.com\/teleconference\/?id=50051980<\/a><\/p>\n<p style=\"margin-bottom:0pt; margin-top:0pt;\"><strong>\u00a0<\/strong><\/p>\n<p style=\"margin-bottom:0pt; margin-top:0pt;\"><strong>F\u00f6r mer information, kontakta g\u00e4rna:<\/strong><\/p>\n<p style=\"margin-bottom:0pt; margin-top:0pt;\">\u00a0<\/p>\n<p style=\"margin-bottom:0pt; margin-top:0pt;\">Odd Bolin, CFO<\/p>\n<p style=\"margin-bottom:0pt; margin-top:0pt;\"><a href=\"http:\/\/file:\/\/\/C:\\Users\\ottoa\\Dropbox%20(Truecaller-)\\Investor%20relations\\Till%20Andreas\\Pressmeddelanden\\230221%20Year-end%20report\\investors@truecaller.com\" rel=\"nofollow\" target=\"_blank\">investors@truecaller.com<\/a><br \/>\u00a0<\/p>\n<p style=\"margin-bottom:0pt; margin-top:0pt;\">Denna information \u00e4r s\u00e5dan information som Truecaller \u00e4r skyldigt att offentligg\u00f6ra enligt EU:s marknadsmissbruksf\u00f6rordning 596\/2014, Informationen l\u00e4mnades, genom ovanst\u00e5ende kontaktpersons f\u00f6rsorg, f\u00f6r offentligg\u00f6rande vid den tidpunkt som anges av bolagets nyhetsdistribut\u00f6r Cision vid offentligg\u00f6randet av detta pressmeddelande.<\/p>\n<p style=\"margin-bottom:0pt; margin-top:0pt;\">\u00a0<\/p>\n<p style=\"margin-bottom:0pt; margin-top:0pt;\"><strong>Om Truecaller:<\/strong><\/p>\n<p style=\"margin-bottom:0pt; margin-top:0pt;\">Truecaller \u00e4r den ledande globala plattformen f\u00f6r att verifiera kontakter och blockera o\u00f6nskad kommunikation. Vi m\u00f6jligg\u00f6r trygga och relevanta konversationer mellan m\u00e4nniskor och g\u00f6r det effektivt f\u00f6r f\u00f6retag att n\u00e5 konsumenter. Bedr\u00e4gerier och o\u00f6nskad kommunikation \u00e4r vardag i digitala ekonomier och tillv\u00e4xtmarknader i synnerhet. V\u00e5rt uppdrag \u00e4r att skapa tillf\u00f6rlitlig kommunikation. Truecaller \u00e4r en naturlig del av den dagliga kommunikationen f\u00f6r mer \u00e4n 450 miljoner aktiva anv\u00e4ndare. Truecaller \u00e4r noterat p\u00e5 Nasdaq Stockholm sedan 8 oktober 2021. F\u00f6r mer information bes\u00f6k g\u00e4rna corporate.truecaller.com.<\/p>\n<p style=\"margin-bottom:0pt; margin-top:0pt;\">\u00a0<\/p>\n<p>&#13;<br \/>\n&#13;<br \/>\n&#13;<br \/>\n&#13;<\/p>\n<p><strong>Taggar:<\/strong><\/p>\n<p>&#13;<br \/>\n&#13;<br \/>\n&#13;<\/p>\n","protected":false},"excerpt":{"rendered":"&#13; &#13; &#13; &#13; &#13; Del\u00e5rsrapport januari-september 2025 Truecaller, den ledande globala plattformen f\u00f6r att verifiera kontakter och&hellip;\n","protected":false},"author":2,"featured_media":66214,"comment_status":"","ping_status":"","sticky":false,"template":"","format":"standard","meta":{"footnotes":""},"categories":[65],"tags":[6067,72,70,71,6065,6066,4585,34,31,33,32,30],"class_list":{"0":"post-66213","1":"post","2":"type-post","3":"status-publish","4":"format-standard","5":"has-post-thumbnail","7":"category-ekonomi","8":"tag-6067","9":"tag-business","10":"tag-economy","11":"tag-ekonomi","12":"tag-financial-report","13":"tag-financial-reports","14":"tag-q3","15":"tag-se","16":"tag-svenska","17":"tag-sverige","18":"tag-sweden","19":"tag-swedish"},"share_on_mastodon":{"url":"https:\/\/pubeurope.com\/@se\/115450710894310693","error":""},"_links":{"self":[{"href":"https:\/\/www.europesays.com\/se\/wp-json\/wp\/v2\/posts\/66213","targetHints":{"allow":["GET"]}}],"collection":[{"href":"https:\/\/www.europesays.com\/se\/wp-json\/wp\/v2\/posts"}],"about":[{"href":"https:\/\/www.europesays.com\/se\/wp-json\/wp\/v2\/types\/post"}],"author":[{"embeddable":true,"href":"https:\/\/www.europesays.com\/se\/wp-json\/wp\/v2\/users\/2"}],"replies":[{"embeddable":true,"href":"https:\/\/www.europesays.com\/se\/wp-json\/wp\/v2\/comments?post=66213"}],"version-history":[{"count":0,"href":"https:\/\/www.europesays.com\/se\/wp-json\/wp\/v2\/posts\/66213\/revisions"}],"wp:featuredmedia":[{"embeddable":true,"href":"https:\/\/www.europesays.com\/se\/wp-json\/wp\/v2\/media\/66214"}],"wp:attachment":[{"href":"https:\/\/www.europesays.com\/se\/wp-json\/wp\/v2\/media?parent=66213"}],"wp:term":[{"taxonomy":"category","embeddable":true,"href":"https:\/\/www.europesays.com\/se\/wp-json\/wp\/v2\/categories?post=66213"},{"taxonomy":"post_tag","embeddable":true,"href":"https:\/\/www.europesays.com\/se\/wp-json\/wp\/v2\/tags?post=66213"}],"curies":[{"name":"wp","href":"https:\/\/api.w.org\/{rel}","templated":true}]}}