{"id":66223,"date":"2025-10-28T08:00:17","date_gmt":"2025-10-28T08:00:17","guid":{"rendered":"https:\/\/www.europesays.com\/se\/66223\/"},"modified":"2025-10-28T08:00:17","modified_gmt":"2025-10-28T08:00:17","slug":"far-aldrig-vara-oklart-var-lojaliteten-ligger","status":"publish","type":"post","link":"https:\/\/www.europesays.com\/se\/66223\/","title":{"rendered":"\u201dF\u00e5r aldrig vara oklart var lojaliteten ligger.\u201d"},"content":{"rendered":"<p><a href=\"https:\/\/www.arbetsvarlden.se\/nya-sd-stodda-facket-ska-teckna-avtal-med-sd-foretagare\/\" rel=\"nofollow noopener\" target=\"_blank\">Arbetsv\u00e4rlden har kunnat ber\u00e4tta om det nya facket Samverkan<\/a> med bas p\u00e5 ett f\u00f6retag i Bor\u00e5s, och som bildats med st\u00f6d av lokala Sverigedemokratiska politiker. Fackets ordf\u00f6rande och bolagets vd \u00e4r b\u00e5da personliga v\u00e4nner och SD-politiska parh\u00e4star i kommunen. Och vd:n sitter i Sverigedemokraternas partistyrelse. Kopplingen \u00e4r besv\u00e4rande anser IF Metalls avtalssekreterare Simon Peterson n\u00e4r han tar del av Arbetsv\u00e4rldens uppgifter.\u00a0<\/p>\n<p>\u2013\u00a0 Med den h\u00e4r n\u00e4ra kopplingen finns det anledning att ifr\u00e5gas\u00e4tta lojaliteten. \u00c4r det arbetstagarnas eller arbetsgivarens intressen som de f\u00f6retr\u00e4der? Det \u00e4r h\u00f6gst oklart i det h\u00e4r fallet och det f\u00e5r aldrig vara oklart, fr\u00e5gar han sig och forts\u00e4tter:<\/p>\n<p>\u2013 IF Metall \u00e4r en oberoende fackf\u00f6rening f\u00f6r att bevaka arbetstagarnas intressen i intressekonflikten mellan arbetsgivaren och arbetstagarna. Om en fackf\u00f6rening\u00a0\u00a0kommer till st\u00e5nd som influeras eller styrs av n\u00e5gon fr\u00e5n arbetsgivaren kan man ifr\u00e5gas\u00e4tta var lojaliteten ligger, s\u00e4ger Simon Petersson<\/p>\n<p>Nya facket kan norpa avtalet<\/p>\n<p>Men det \u00e4r inte bara p\u00e5 ett principiellt plan som IF Metall har ett intresse i fr\u00e5gan. Det nya facket f\u00f6rhandlar just nu om teckna kollektivavtal med bolaget, ett avtal som IF Metall velat teckna sedan i slutet av f\u00f6rra \u00e5ret.\u00a0<\/p>\n<p>Facket Samverkans f\u00f6retr\u00e4dare s\u00e4ger sj\u00e4lva till Arbetsv\u00e4rlden att IF Metalls avtalsinitiativ var startskottet f\u00f6r att bilda f\u00f6reningen i mars. Att de i motsats till andra fackf\u00f6reningar vill betona samverkan med arbetsgivaren snarare \u00e4n konflikt.<\/p>\n<p>Men ordf\u00f6rande, vice ordf\u00f6rande och VD f\u00f6rnekar alla att det skulle vara p\u00e5 initiativ av arbetsgivaren.\u00a0<\/p>\n<p>\u2013 Man kan bara spekulera i motiven, men jag kan konstatera att den h\u00e4r s\u00e5 kallade fackf\u00f6reningen bildades i samband med att f\u00f6retaget inte velat teckna kollektivavtal med oss. Om sk\u00e4let till det \u00e4r att bolaget agerar i syfte att inte f\u00e5 till st\u00e5nd ett avtal \u00e4r det v\u00e4rdel\u00f6st f\u00f6rst\u00e5s, s\u00e4ger Simon Peterson.\u00a0\u00a0<\/p>\n<p>Avtalssekreteraren \u00e4r noga med att p\u00e5peka att IF Metall inte har n\u00e5gra problem med att det bildas nya fackf\u00f6reningar i sig. Han vill ocks\u00e5 betona att han anser att det \u00e4r \u201dett f\u00f6r\u00e5ldrat syns\u00e4tt\u201d att se facket som f\u00f6retagens motst\u00e5ndare. Men om det uppst\u00e5r en tvist m\u00e5ste de anst\u00e4llda veta vem facket verkligen f\u00f6retr\u00e4der.<\/p>\n<p><img fetchpriority=\"high\" decoding=\"async\" width=\"1024\" height=\"576\" src=\"https:\/\/www.europesays.com\/se\/wp-content\/uploads\/2025\/10\/sdfackillstadgar-1024x576.jpg\" alt=\"Tv\u00e5 dokument med svensk text visas sida vid sida, b\u00e5da med fackliga stadgar och v\u00e4rderingar. Ett stort r\u00f6tt &quot;VS&quot; \u00e4r markerat mellan dokumenten f\u00f6r att markera skillnaderna mellan dem. Sidrubrikerna visar &quot;Samverkan&quot; och &quot;IF Metall.\" class=\"wp-image-72467\"  \/>Ut\u00f6ver att h\u00e5rdare betona samverkan och konkurrenskraft s\u00e5 p\u00e5minner Samverkans stadgar om andra facks, \u00e4ven IF Metalls. Men ist\u00e4llet f\u00f6r solidaritet st\u00e5r det \u201dnationell solidaritet\u201d och ist\u00e4llet f\u00f6r \u201dalla m\u00e4nniskors lika v\u00e4rde\u201d st\u00e5r det \u201dalla m\u00e4nniskors lika m\u00f6jligheter\u201d. Montage: Arbetsv\u00e4rldenT\u00e4nker fortfarande driva p\u00e5 f\u00f6r avtal<\/p>\n<p>IF Metall har inte sl\u00e4ppt ambitionen att teckna avtal p\u00e5 det aktuella bolaget, Instant Systems. Och det t\u00e4nker de heller inte g\u00f6ra. Deras inst\u00e4llning \u00e4r att de \u00e4r det b\u00e4sta alternativet och att det \u00e4r IF Metall som ska organisera och teckna avtal, i enlighet med <a href=\"https:\/\/www.lo.se\/media\/vnwhxoa5\/organisationsplan2024.pdf\" rel=\"nofollow noopener\" target=\"_blank\">LO:s organisationsplan<\/a> som f\u00f6rst antogs 1925 och sedan har uppdaterats.\u00a0\u00a0\u00a0<\/p>\n<p>\u2013 Det \u00e4r fortfarande v\u00e5r utg\u00e5ngspunkt. Vi kommer forts\u00e4tta att f\u00f6rhandla f\u00f6r att f\u00e5 till kollektivavtal. Lyckas vi inte med det v\u00e4rderar vi vilka alternativ vi har f\u00f6r att f\u00e5 till st\u00e5nd ett kollektivavtal, s\u00e4ger Simon Peterson.<\/p>\n<p>Vem som f\u00f6rst f\u00e5r avtalet kan bli avg\u00f6rande<\/p>\n<p>2019 inf\u00f6rdes nya strejkregler efter en \u00f6verenskommelse mellan fackliga LO, TCO, Saco och arbetsgivarna i Svenskt N\u00e4ringsliv. <a href=\"https:\/\/www.arbetsvarlden.se\/forskare-parternas-forslag-riskerar-forsvaga-den-svenska-modellen\/\" rel=\"nofollow noopener\" target=\"_blank\">De nya reglerna insk\u00e4rpte<\/a> att det \u00e4r f\u00f6rbjudet att vidta strids\u00e5tg\u00e4rder f\u00f6r att tr\u00e4nga undan ett annat facks avtal om detta tecknats f\u00f6rst. IF Metall var drivande i den f\u00f6r\u00e4ndringen.<\/p>\n<p>Om Samverkan hinner teckna avtal innan IF Metall, hamnar LO-f\u00f6rbundet i en knivig sits. Innan reglerna \u00e4ndrades varnade arbetsmarknadsexperter <a href=\"https:\/\/www.arbetsvarlden.se\/gula-fack-kan-vaxa-och-bli-riksomfattande\/\" rel=\"nofollow noopener\" target=\"_blank\">f\u00f6r risken att s\u00e5 kallade gula fack b\u00e5de skulle bli vanligare<\/a>, teckna avtal och att de etablerade organisationerna d\u00e5 skulle kunna st\u00e5 maktl\u00f6sa.\u00a0<\/p>\n<p>\u2013 Det finns en del juridiska utmaningar kring vad som h\u00e4nder om de har kollektivavtal. Det \u00e4r inte s\u00e5 att man ska kunna vidta strids\u00e5tg\u00e4rder f\u00f6r att kunna putta undan avtal hur som helst. Men det spelar roll om det \u00e4r en fackf\u00f6rening med koppling till arbetsgivaren, en gul fackf\u00f6rening. Det beh\u00f6ver vi titta n\u00e4rmare p\u00e5, s\u00e4ger Simon Peterson.<\/p>\n","protected":false},"excerpt":{"rendered":"Arbetsv\u00e4rlden har kunnat ber\u00e4tta om det nya facket Samverkan med bas p\u00e5 ett f\u00f6retag i Bor\u00e5s, och som&hellip;\n","protected":false},"author":2,"featured_media":66224,"comment_status":"","ping_status":"","sticky":false,"template":"","format":"standard","meta":{"footnotes":""},"categories":[65],"tags":[72,70,71,6072,5959,1859,34,6073,6074,31,33,32,30],"class_list":{"0":"post-66223","1":"post","2":"type-post","3":"status-publish","4":"format-standard","5":"has-post-thumbnail","7":"category-ekonomi","8":"tag-business","9":"tag-economy","10":"tag-ekonomi","11":"tag-fackforbundet-samverkan","12":"tag-if-metall","13":"tag-kollektivavtal","14":"tag-se","15":"tag-simon-petersson","16":"tag-strejkratt","17":"tag-svenska","18":"tag-sverige","19":"tag-sweden","20":"tag-swedish"},"share_on_mastodon":{"url":"https:\/\/pubeurope.com\/@se\/115450742341356160","error":""},"_links":{"self":[{"href":"https:\/\/www.europesays.com\/se\/wp-json\/wp\/v2\/posts\/66223","targetHints":{"allow":["GET"]}}],"collection":[{"href":"https:\/\/www.europesays.com\/se\/wp-json\/wp\/v2\/posts"}],"about":[{"href":"https:\/\/www.europesays.com\/se\/wp-json\/wp\/v2\/types\/post"}],"author":[{"embeddable":true,"href":"https:\/\/www.europesays.com\/se\/wp-json\/wp\/v2\/users\/2"}],"replies":[{"embeddable":true,"href":"https:\/\/www.europesays.com\/se\/wp-json\/wp\/v2\/comments?post=66223"}],"version-history":[{"count":0,"href":"https:\/\/www.europesays.com\/se\/wp-json\/wp\/v2\/posts\/66223\/revisions"}],"wp:featuredmedia":[{"embeddable":true,"href":"https:\/\/www.europesays.com\/se\/wp-json\/wp\/v2\/media\/66224"}],"wp:attachment":[{"href":"https:\/\/www.europesays.com\/se\/wp-json\/wp\/v2\/media?parent=66223"}],"wp:term":[{"taxonomy":"category","embeddable":true,"href":"https:\/\/www.europesays.com\/se\/wp-json\/wp\/v2\/categories?post=66223"},{"taxonomy":"post_tag","embeddable":true,"href":"https:\/\/www.europesays.com\/se\/wp-json\/wp\/v2\/tags?post=66223"}],"curies":[{"name":"wp","href":"https:\/\/api.w.org\/{rel}","templated":true}]}}