{"id":66225,"date":"2025-10-28T08:02:14","date_gmt":"2025-10-28T08:02:14","guid":{"rendered":"https:\/\/www.europesays.com\/se\/66225\/"},"modified":"2025-10-28T08:02:14","modified_gmt":"2025-10-28T08:02:14","slug":"sa-blir-vadret-pa-hostlovet","status":"publish","type":"post","link":"https:\/\/www.europesays.com\/se\/66225\/","title":{"rendered":"S\u00e5 blir v\u00e4dret p\u00e5 h\u00f6stlovet"},"content":{"rendered":"<p>Publicerad 27 okt 2025 kl 20.44Uppdaterad kl 22.23<\/p>\n<p>H\u00f6stlovet kommer bjuda p\u00e5 bra v\u00e4der.<\/p>\n<p>I alla fall om man planerar att vara hemma och l\u00e4sa en bok.<\/p>\n<p>En av dagarna \u00e4r det en s\u00e4rskilt god id\u00e9 att stanna inomhus, enligt meteorologen Johan Groth.<\/p>\n<p>\u2013 Natten mot torsdag stormar ett l\u00e5gtryck in, s\u00e4ger han.<\/p>\n<p>Senaste nyhetsklippen fr\u00e5n Expressen.<img   alt=\"\"\/><\/p>\n<p>P\u00e5 torsdag blir det l\u00e4ge att veckla ut paraplyet.<\/p>\n<p>Foto: AP TT NYHETSBYR\u00c5N<\/p>\n<p>\u00d6ppna bild i helsk\u00e4rm<img loading=\"lazy\"   alt=\"\"\/><\/p>\n<p>\u201dD\u00e5 brakar det p\u00e5\u201d, s\u00e4ger Johan Groth.<\/p>\n<p>Foto: Henrik Montgomery \/ TT NYHETSBYR\u00c5N<\/p>\n<p>\u00d6ppna bild i helsk\u00e4rm<\/p>\n<p>H\u00f6stlovet \u2013 eller l\u00e4slovet, som \u00e4r det officiella namnet \u2013 \u00e4r h\u00e4r.<\/p>\n<p>Och det nyare namnet g\u00f6r sk\u00e4l f\u00f6r sig n\u00e4r meteorologerna kikar p\u00e5 veckans v\u00e4derkarta.<\/p>\n<p>\u2013 Det \u00e4r lite feeling att det \u00e4r l\u00e4slovsv\u00e4der d\u00e4r det \u00e4r bra v\u00e4der f\u00f6r att l\u00e4sa en bok, s\u00e4ger Johan Groth, meteorolog p\u00e5 Stormgeo.\u00a0<\/p>\n<p>Under tisdagen ligger ett tjockt molnt\u00e4cke och pressar \u00f6ver \u00e4ndarna av landet, l\u00e4ngst upp i Norrland och i sydligaste Sverige. I resten av landet blir det uppeh\u00e5ll och till och med chans till sol. Men s\u00e4rskilt varmt blir det inte.<\/p>\n<p>\u2013 Det blir runt fem till tio grader i s\u00f6dra halvan av landet och runt noll till fem p\u00e5 Norrlandskusten. Man f\u00e5r p\u00e4lsa p\u00e5 sig lite, s\u00e4ger Groth.<\/p>\n<p>\u201dD\u00e5 brakar det p\u00e5\u201d<\/p>\n<p>Det stabila v\u00e4dret h\u00e5ller i sig under onsdagen, men natten mot torsdag valsar ett l\u00e5gtryck in \u00f6ver stora delar av landet.<\/p>\n<p>\u2013 D\u00e5 brakar det p\u00e5. P\u00e5 onsdag kv\u00e4ll har vi regn inne \u00f6ver hela V\u00e4stsverige och under natten r\u00f6r det sig vidare mot Stockholmsomr\u00e5det och mellersta Sverige, s\u00e4ger Johan Groth.\u00a0<\/p>\n<p>\u2013 Torsdagen blir en riktig tr\u00e5khistoria.\u00a0<\/p>\n<p>Nederb\u00f6rden kan falla som sn\u00f6 i omr\u00e5den som norra V\u00e4rmland och delar av Dalarna n\u00e4r temperaturerna kortvarigt dyker ner mot nollan. Sn\u00f6t\u00e4cket l\u00e4r dock inte bli l\u00e5ngvarigt. Fram\u00e5t helgen klarnar det upp och v\u00e4dret blir mildare.<\/p>\n<p>Varmt i syd \u2013 kallt i norr<\/p>\n<p>Prognosen f\u00f6r helgen \u00e4r dock fortfarande ganska os\u00e4ker, enligt Johan Groth.<\/p>\n<p>\u2013 Det blir lite blandad kompott. Det kan bli upp mot tolv grader i Sydsverige samtidigt som kallfronten k\u00e4mpar p\u00e5 uppe i Norrland, s\u00e4ger han.\u00a0<\/p>\n","protected":false},"excerpt":{"rendered":"Publicerad 27 okt 2025 kl 20.44Uppdaterad kl 22.23 H\u00f6stlovet kommer bjuda p\u00e5 bra v\u00e4der. I alla fall om&hellip;\n","protected":false},"author":2,"featured_media":66226,"comment_status":"","ping_status":"","sticky":false,"template":"","format":"standard","meta":{"footnotes":""},"categories":[12],"tags":[22,23,26,27,17,21,24,25,28,29,15,16,18,34,281,31,33,32,30,19,20],"class_list":{"0":"post-66225","1":"post","2":"type-post","3":"status-publish","4":"format-standard","5":"has-post-thumbnail","7":"category-sverige","8":"tag-breaking-news","9":"tag-breakingnews","10":"tag-featured-news","11":"tag-featurednews","12":"tag-headlines","13":"tag-huvudnyheter","14":"tag-latest-news","15":"tag-latestnews","16":"tag-main-news","17":"tag-mainnews","18":"tag-news","19":"tag-nyheter","20":"tag-rubriker","21":"tag-se","22":"tag-sections-vader","23":"tag-svenska","24":"tag-sverige","25":"tag-sweden","26":"tag-swedish","27":"tag-top-stories","28":"tag-topstories"},"share_on_mastodon":{"url":"https:\/\/pubeurope.com\/@se\/115450750215606780","error":""},"_links":{"self":[{"href":"https:\/\/www.europesays.com\/se\/wp-json\/wp\/v2\/posts\/66225","targetHints":{"allow":["GET"]}}],"collection":[{"href":"https:\/\/www.europesays.com\/se\/wp-json\/wp\/v2\/posts"}],"about":[{"href":"https:\/\/www.europesays.com\/se\/wp-json\/wp\/v2\/types\/post"}],"author":[{"embeddable":true,"href":"https:\/\/www.europesays.com\/se\/wp-json\/wp\/v2\/users\/2"}],"replies":[{"embeddable":true,"href":"https:\/\/www.europesays.com\/se\/wp-json\/wp\/v2\/comments?post=66225"}],"version-history":[{"count":0,"href":"https:\/\/www.europesays.com\/se\/wp-json\/wp\/v2\/posts\/66225\/revisions"}],"wp:featuredmedia":[{"embeddable":true,"href":"https:\/\/www.europesays.com\/se\/wp-json\/wp\/v2\/media\/66226"}],"wp:attachment":[{"href":"https:\/\/www.europesays.com\/se\/wp-json\/wp\/v2\/media?parent=66225"}],"wp:term":[{"taxonomy":"category","embeddable":true,"href":"https:\/\/www.europesays.com\/se\/wp-json\/wp\/v2\/categories?post=66225"},{"taxonomy":"post_tag","embeddable":true,"href":"https:\/\/www.europesays.com\/se\/wp-json\/wp\/v2\/tags?post=66225"}],"curies":[{"name":"wp","href":"https:\/\/api.w.org\/{rel}","templated":true}]}}