{"id":66251,"date":"2025-10-28T08:39:17","date_gmt":"2025-10-28T08:39:17","guid":{"rendered":"https:\/\/www.europesays.com\/se\/66251\/"},"modified":"2025-10-28T08:39:17","modified_gmt":"2025-10-28T08:39:17","slug":"stegra-tar-in-samma-konsulter-som-northvolt","status":"publish","type":"post","link":"https:\/\/www.europesays.com\/se\/66251\/","title":{"rendered":"Stegra tar in samma konsulter som Northvolt"},"content":{"rendered":"<p>En grupp av Stegras l\u00e5ngivare har anlitat kriskonsulten Houlihan Lokey, uppger k\u00e4llor f\u00f6r Bloomberg. Det \u00e4r samma investmentbank som Northvolt anlitade under rekonstruktionsprocessen i USA, har nyhetsbyr\u00e5n tidigare rapporterat.<\/p>\n<p>Stegra har \u00e4nnu inte utnyttjat hela sin kreditlina, men i nul\u00e4get uppn\u00e5r bolaget inte de kriterier som kr\u00e4vs f\u00f6r att f\u00e5 tillg\u00e5ng till pengarna, enligt k\u00e4llorna.<\/p>\n<p>Houlihan Lokey och Stegra avb\u00f6jer att kommentera uppgifterna f\u00f6r Bloomberg.<\/p>\n<p>K\u00e4llor har tidigare uppgett f\u00f6r Aff\u00e4rsv\u00e4rlden att Stegra anlitat kriskonsulten PJT\u202fPartners, som \u00e4ven Northvolts l\u00e5ngivare uppges ha anv\u00e4nt sig av i sin rekonstruktion. Det rapporterar nu \u00e4ven Bloomberg och h\u00e4nvisar till k\u00e4llor.<\/p>\n<p>Omni \u00e4r politiskt obundna och oberoende. Vi str\u00e4var efter att ge fler perspektiv p\u00e5 nyheterna. Har du fr\u00e5gor eller synpunkter kring v\u00e5r rapportering? <a href=\"https:\/\/omni.se\/kallor-stegra-tar-in-samma-kriskonsulter-som-northvolt\/a\/mailto:redaktion@omni.se\" class=\"ArticleActions_contactLink__W2F1M\" rel=\"nofollow noopener\" target=\"_blank\">Kontakta redaktionen<\/a><\/p>\n","protected":false},"excerpt":{"rendered":"En grupp av Stegras l\u00e5ngivare har anlitat kriskonsulten Houlihan Lokey, uppger k\u00e4llor f\u00f6r Bloomberg. Det \u00e4r samma investmentbank&hellip;\n","protected":false},"author":2,"featured_media":66252,"comment_status":"","ping_status":"","sticky":false,"template":"","format":"standard","meta":{"footnotes":""},"categories":[65],"tags":[72,70,71,1887,294,34,5422,31,33,32,30,5423],"class_list":{"0":"post-66251","1":"post","2":"type-post","3":"status-publish","4":"format-standard","5":"has-post-thumbnail","7":"category-ekonomi","8":"tag-business","9":"tag-economy","10":"tag-ekonomi","11":"tag-industri-tillverkning","12":"tag-northvolt","13":"tag-se","14":"tag-stegra-tidigare-h2-green-steel","15":"tag-svenska","16":"tag-sverige","17":"tag-sweden","18":"tag-swedish","19":"tag-wallenbergsfaren"},"share_on_mastodon":{"url":"https:\/\/pubeurope.com\/@se\/115450895605723400","error":""},"_links":{"self":[{"href":"https:\/\/www.europesays.com\/se\/wp-json\/wp\/v2\/posts\/66251","targetHints":{"allow":["GET"]}}],"collection":[{"href":"https:\/\/www.europesays.com\/se\/wp-json\/wp\/v2\/posts"}],"about":[{"href":"https:\/\/www.europesays.com\/se\/wp-json\/wp\/v2\/types\/post"}],"author":[{"embeddable":true,"href":"https:\/\/www.europesays.com\/se\/wp-json\/wp\/v2\/users\/2"}],"replies":[{"embeddable":true,"href":"https:\/\/www.europesays.com\/se\/wp-json\/wp\/v2\/comments?post=66251"}],"version-history":[{"count":0,"href":"https:\/\/www.europesays.com\/se\/wp-json\/wp\/v2\/posts\/66251\/revisions"}],"wp:featuredmedia":[{"embeddable":true,"href":"https:\/\/www.europesays.com\/se\/wp-json\/wp\/v2\/media\/66252"}],"wp:attachment":[{"href":"https:\/\/www.europesays.com\/se\/wp-json\/wp\/v2\/media?parent=66251"}],"wp:term":[{"taxonomy":"category","embeddable":true,"href":"https:\/\/www.europesays.com\/se\/wp-json\/wp\/v2\/categories?post=66251"},{"taxonomy":"post_tag","embeddable":true,"href":"https:\/\/www.europesays.com\/se\/wp-json\/wp\/v2\/tags?post=66251"}],"curies":[{"name":"wp","href":"https:\/\/api.w.org\/{rel}","templated":true}]}}