{"id":66300,"date":"2025-10-28T09:35:17","date_gmt":"2025-10-28T09:35:17","guid":{"rendered":"https:\/\/www.europesays.com\/se\/66300\/"},"modified":"2025-10-28T09:35:17","modified_gmt":"2025-10-28T09:35:17","slug":"hur-kan-ett-samhalle-misslyckas-sa","status":"publish","type":"post","link":"https:\/\/www.europesays.com\/se\/66300\/","title":{"rendered":"\u201dHur kan ett samh\u00e4lle misslyckas s\u00e5?\u201d"},"content":{"rendered":"<p>Efter att en man i \u00f6vre ton\u00e5ren skjutits till d\u00f6ds i stadsdelen Bryn\u00e4s i G\u00e4vle r\u00e5der sorg, oro och frustration bland m\u00e4nniskorna i omr\u00e5det, rapporterar flera medier. En kvinna som bor i n\u00e4rheten av parken d\u00e4r d\u00f6dsskjutningen intr\u00e4ffade har pratat med Gefle Dagblad.<\/p>\n<p>\u2013 Hur har ett samh\u00e4lle kunnat misslyckas s\u00e5 h\u00e4r? Jag t\u00e4nker p\u00e5 barnen som tvingas bli indragna i g\u00e4ngen, s\u00e4ger hon. <\/p>\n<p>En pappa som pratat med Aftonbladet s\u00e4ger att h\u00e4ndelsen har chockat honom. <\/p>\n<p>\u2013 Man blir orolig, man vill inte att ens barn ska leva i ett s\u00e5nt h\u00e4r omr\u00e5de, s\u00e4ger han. <\/p>\n<p>Skjutningen skedde i Stenebergsparken. Under s\u00f6ndagen har m\u00e5nga barnfamiljer och hund\u00e4gare varit p\u00e5 plats. <\/p>\n<p>\u2013 Det g\u00f6r ont i mig, s\u00e5dant sl\u00f6seri med liv, s\u00e4ger en kvinna till SvD. <\/p>\n<p>Omni \u00e4r politiskt obundna och oberoende. Vi str\u00e4var efter att ge fler perspektiv p\u00e5 nyheterna. Har du fr\u00e5gor eller synpunkter kring v\u00e5r rapportering? <a href=\"https:\/\/omni.se\/dodsskjutningen-skapar-oro-i-gavle-hur-kan-ett-samhalle-misslyckas-sa\/a\/mailto:redaktion@omni.se\" class=\"ArticleActions_contactLink__W2F1M\" rel=\"nofollow noopener\" target=\"_blank\">Kontakta redaktionen<\/a><\/p>\n","protected":false},"excerpt":{"rendered":"Efter att en man i \u00f6vre ton\u00e5ren skjutits till d\u00f6ds i stadsdelen Bryn\u00e4s i G\u00e4vle r\u00e5der sorg, oro&hellip;\n","protected":false},"author":2,"featured_media":66301,"comment_status":"","ping_status":"","sticky":false,"template":"","format":"standard","meta":{"footnotes":""},"categories":[12],"tags":[22,23,128,26,27,817,818,17,21,24,25,28,29,15,16,18,34,31,33,32,30,19,20],"class_list":{"0":"post-66300","1":"post","2":"type-post","3":"status-publish","4":"format-standard","5":"has-post-thumbnail","7":"category-sverige","8":"tag-breaking-news","9":"tag-breakingnews","10":"tag-brott","11":"tag-featured-news","12":"tag-featurednews","13":"tag-gavle","14":"tag-gavleborgs-lan","15":"tag-headlines","16":"tag-huvudnyheter","17":"tag-latest-news","18":"tag-latestnews","19":"tag-main-news","20":"tag-mainnews","21":"tag-news","22":"tag-nyheter","23":"tag-rubriker","24":"tag-se","25":"tag-svenska","26":"tag-sverige","27":"tag-sweden","28":"tag-swedish","29":"tag-top-stories","30":"tag-topstories"},"share_on_mastodon":{"url":"https:\/\/pubeurope.com\/@se\/115451115925887525","error":""},"_links":{"self":[{"href":"https:\/\/www.europesays.com\/se\/wp-json\/wp\/v2\/posts\/66300","targetHints":{"allow":["GET"]}}],"collection":[{"href":"https:\/\/www.europesays.com\/se\/wp-json\/wp\/v2\/posts"}],"about":[{"href":"https:\/\/www.europesays.com\/se\/wp-json\/wp\/v2\/types\/post"}],"author":[{"embeddable":true,"href":"https:\/\/www.europesays.com\/se\/wp-json\/wp\/v2\/users\/2"}],"replies":[{"embeddable":true,"href":"https:\/\/www.europesays.com\/se\/wp-json\/wp\/v2\/comments?post=66300"}],"version-history":[{"count":0,"href":"https:\/\/www.europesays.com\/se\/wp-json\/wp\/v2\/posts\/66300\/revisions"}],"wp:featuredmedia":[{"embeddable":true,"href":"https:\/\/www.europesays.com\/se\/wp-json\/wp\/v2\/media\/66301"}],"wp:attachment":[{"href":"https:\/\/www.europesays.com\/se\/wp-json\/wp\/v2\/media?parent=66300"}],"wp:term":[{"taxonomy":"category","embeddable":true,"href":"https:\/\/www.europesays.com\/se\/wp-json\/wp\/v2\/categories?post=66300"},{"taxonomy":"post_tag","embeddable":true,"href":"https:\/\/www.europesays.com\/se\/wp-json\/wp\/v2\/tags?post=66300"}],"curies":[{"name":"wp","href":"https:\/\/api.w.org\/{rel}","templated":true}]}}