{"id":66310,"date":"2025-10-28T09:44:32","date_gmt":"2025-10-28T09:44:32","guid":{"rendered":"https:\/\/www.europesays.com\/se\/66310\/"},"modified":"2025-10-28T09:44:32","modified_gmt":"2025-10-28T09:44:32","slug":"nodlage-utlyst-i-ryssland","status":"publish","type":"post","link":"https:\/\/www.europesays.com\/se\/66310\/","title":{"rendered":"N\u00f6dl\u00e4ge utlyst i Ryssland"},"content":{"rendered":"<p>Publicerad 28 okt 2025 kl 06.09Uppdaterad kl 06.09<\/p>\n<p>Se tillslaget som tvingar Putin att evakuera \u2022 \u201dForsar okontrollerat\u201d<\/p>\n<p>Lokala ryska myndigheter har under natten mot tisdagen f\u00f6rklarat n\u00f6dl\u00e4ge efter att Ukraina attackerat en damm i Belgorod. Vattenniv\u00e5n i reservoaren har sjunkit med \u00f6ver en meter och det \u00e4r f\u00f6rsta g\u00e5ngen i kriget som en damm skadats inne i Ryssland.<\/p>\n<p>            <a href=\"mailto:webbrattelse@expressen.se?subject=Fel%20i%20artikel%3A%20N%C3%B6dl%C3%A4ge%20utlyst%20i%20Ryssland&amp;body=En%20l%C3%A4sare%20rapporterar%20fel%20i%20https%3A%2F%2Fwww.expressen.se%2Ftv%2Fnyheter%2Fvarlden%2Fnodlage-utlyst-i-ryssland%2F%0A%0AKommentar%3A%20\"><br \/>\n              Anm\u00e4l text- och faktafel<br \/>\n            <\/a><a href=\"https:\/\/www.expressen.se\/om-expressen\/tycker-du-att-vi-har-utsatt-dig-for-en-publicitetsskada\/\" rel=\"nofollow noopener\" target=\"_blank\">Anm\u00e4l till Medieombudsmannen<\/a><\/p>\n","protected":false},"excerpt":{"rendered":"Publicerad 28 okt 2025 kl 06.09Uppdaterad kl 06.09 Se tillslaget som tvingar Putin att evakuera \u2022 \u201dForsar okontrollerat\u201d&hellip;\n","protected":false},"author":2,"featured_media":66311,"comment_status":"","ping_status":"","sticky":false,"template":"","format":"standard","meta":{"footnotes":""},"categories":[5],"tags":[22,23,26,27,17,21,24,25,6076,274,28,29,15,16,203,18,34,2077,55,31,33,32,30,19,60,20],"class_list":{"0":"post-66310","1":"post","2":"type-post","3":"status-publish","4":"format-standard","5":"has-post-thumbnail","7":"category-rubriker","8":"tag-breaking-news","9":"tag-breakingnews","10":"tag-featured-news","11":"tag-featurednews","12":"tag-headlines","13":"tag-huvudnyheter","14":"tag-latest-news","15":"tag-latestnews","16":"tag-location-belgorod","17":"tag-location-ryssland","18":"tag-main-news","19":"tag-mainnews","20":"tag-news","21":"tag-nyheter","22":"tag-person-vladimir-putin","23":"tag-rubriker","24":"tag-se","25":"tag-sections-nyheter","26":"tag-sections-varlden","27":"tag-svenska","28":"tag-sverige","29":"tag-sweden","30":"tag-swedish","31":"tag-top-stories","32":"tag-topic-krig-konflikt","33":"tag-topstories"},"share_on_mastodon":{"url":"https:\/\/pubeurope.com\/@se\/115451151197564277","error":""},"_links":{"self":[{"href":"https:\/\/www.europesays.com\/se\/wp-json\/wp\/v2\/posts\/66310","targetHints":{"allow":["GET"]}}],"collection":[{"href":"https:\/\/www.europesays.com\/se\/wp-json\/wp\/v2\/posts"}],"about":[{"href":"https:\/\/www.europesays.com\/se\/wp-json\/wp\/v2\/types\/post"}],"author":[{"embeddable":true,"href":"https:\/\/www.europesays.com\/se\/wp-json\/wp\/v2\/users\/2"}],"replies":[{"embeddable":true,"href":"https:\/\/www.europesays.com\/se\/wp-json\/wp\/v2\/comments?post=66310"}],"version-history":[{"count":0,"href":"https:\/\/www.europesays.com\/se\/wp-json\/wp\/v2\/posts\/66310\/revisions"}],"wp:featuredmedia":[{"embeddable":true,"href":"https:\/\/www.europesays.com\/se\/wp-json\/wp\/v2\/media\/66311"}],"wp:attachment":[{"href":"https:\/\/www.europesays.com\/se\/wp-json\/wp\/v2\/media?parent=66310"}],"wp:term":[{"taxonomy":"category","embeddable":true,"href":"https:\/\/www.europesays.com\/se\/wp-json\/wp\/v2\/categories?post=66310"},{"taxonomy":"post_tag","embeddable":true,"href":"https:\/\/www.europesays.com\/se\/wp-json\/wp\/v2\/tags?post=66310"}],"curies":[{"name":"wp","href":"https:\/\/api.w.org\/{rel}","templated":true}]}}