{"id":66319,"date":"2025-10-28T09:55:10","date_gmt":"2025-10-28T09:55:10","guid":{"rendered":"https:\/\/www.europesays.com\/se\/66319\/"},"modified":"2025-10-28T09:55:10","modified_gmt":"2025-10-28T09:55:10","slug":"jonna-sundling-saljer-tomten-i-tarnaby-sorgligt","status":"publish","type":"post","link":"https:\/\/www.europesays.com\/se\/66319\/","title":{"rendered":"Jonna Sundling s\u00e4ljer tomten i T\u00e4rnaby: \u201dSorgligt\u201d"},"content":{"rendered":"<p>Publicerad 28 okt 2025 kl 06.44Uppdaterad kl 08.08<\/p>\n<p>Jonna Sundling s\u00e4ljer sin tomt i skidmeckat T\u00e4rnaby.\u00a0<\/p>\n<p>Ett beslut som tagit emot.\u00a0<\/p>\n<p>\u2013 Det \u00e4r sorgligt faktiskt, s\u00e4ger hon.\u00a0<\/p>\n<p><img loading=\"lazy\"   alt=\"\"\/><\/p>\n<p>Jonna Sundling.<\/p>\n<p>Foto: MAXIM THORE \/ BILDBYR\u00c5N<\/p>\n<p>\u00d6ppna bild i helsk\u00e4rm<img loading=\"lazy\"   alt=\"\"\/><\/p>\n<p>Svenska skidstj\u00e4rnan Jonna Sundling.<\/p>\n<p>Foto: MAXIM THORE \/ BILDBYR\u00c5N<\/p>\n<p>\u00d6ppna bild i helsk\u00e4rm<\/p>\n<p>Redan 2020 valde <a href=\"https:\/\/www.expressen.se\/tagg\/person\/jonna-sundling\/\" class=\"\" rel=\"nofollow noopener\" target=\"_blank\">Jonna Sundling<\/a>, 30, ett \u00e5r innan sitt stora internationella genombrott, att investera i den 684 kvadratmeter stora tomten i T\u00e4rnaby, d\u00e4r alpina legendarer som Ingemar Stenmark och Anja P\u00e4rson kommer ifr\u00e5n.\u00a0<\/p>\n<p>Sedan dess har hon och pojkv\u00e4nnen Anton Olofsson suttit p\u00e5 tomten utan att g\u00f6ra n\u00e5got med den.\u00a0<\/p>\n<p>\u2013 Vi tycker s\u00e5 himla mycket om den, men det finns inga krav \u00e4n s\u00e5 l\u00e4nge att vi m\u00e5ste bygga p\u00e5 den, s\u00e5 vi bara sparar den lite. Vi har den som lite mark\u00e4gare, sa Sundling till <a href=\"https:\/\/www.expressen.se\/sport\/langdskidor\/jonna-sundlings-okanda-tomt-i--skidmeckat-skyltar-inte-med-det\/\" rel=\"nofollow noopener\" target=\"_blank\">Expressen<\/a> f\u00f6r tv\u00e5 \u00e5r sedan.\u00a0<\/p>\n<p>Men nu v\u00e4ljer Sundling att s\u00e4lja tomten d\u00e5 hon och Olofsson har valt att bygga fj\u00e4llstuga i Trillevallen, som ligger betydligt n\u00e4rmare hemorten \u00d6stersund, i st\u00e4llet.\u00a0<\/p>\n<p>\u2013 Vi har en annan tomt, det \u00e4r det enkla svaret p\u00e5 varf\u00f6r vi s\u00e4ljer, s\u00e4ger Sundling. \u00a0<\/p>\n<p>Sundling s\u00e4ljer tomten i skidmeckat: \u201dSorgligt\u201d<\/p>\n<p><strong>\u00c4r det en ekonomisk fr\u00e5ga eller \u00e4r det en fr\u00e5ga om tid?\u00a0<\/strong><\/p>\n<p>\u2013 Vi har tv\u00e5 tomter. Vi kommer inte anv\u00e4nda den. Jag fr\u00e5gade min farfar, f\u00f6r han har haft mycket mark, hur vi skulle g\u00f6ra. Han fr\u00e5gade om vi kunde t\u00e4nka oss att bygga hus p\u00e5 den och mitt svar var att det inte kommer ske under de kommande tio \u00e5ren. D\u00e5 sa han bara: \u201ds\u00e4lj\u201d. Och jag vill k\u00e4nna att jag kan l\u00e4gga krutet p\u00e5 den tomten vi ska bygga hus p\u00e5, s\u00e5 det \u00e4r b\u00e5de ett ekonomiskt och tidsm\u00e4ssigt beslut.\u00a0<\/p>\n<p>Tomten ligger ute f\u00f6r 650 000 kronor och enligt m\u00e4klarannonsen har k\u00f6parna en \u201dunik m\u00f6jlighet att f\u00f6rv\u00e4rva en tomt i det exklusiva omr\u00e5det p\u00e5 Laxfj\u00e4llet\u201d.\u00a0<\/p>\n<p>Sundling s\u00e4ger att tomten \u00e4r n\u00e5got alldeles extra \u2013 och att beslutet att s\u00e4lja tog emot f\u00f6r henne.\u00a0<\/p>\n<p>\u2013 Det \u00e4r sorgligt f\u00f6r jag gillar verkligen den tomten, det g\u00f6r lite ont, s\u00e4ger Sundling och ler uppgivet.\u00a0<\/p>\n<p>\u2013 Men jag har v\u00e4ntat i typ tv\u00e5 \u00e5r p\u00e5 att s\u00e4lja den h\u00e4r, sen vi byggde hus p\u00e5 den andra tomten.\u00a0<\/p>\n<p><img alt=\"\"\/>Ljudklippet gick inte att spela upp<\/p>\n<p>F\u00f6rs\u00f6k igen senare<\/p>\n","protected":false},"excerpt":{"rendered":"Publicerad 28 okt 2025 kl 06.44Uppdaterad kl 08.08 Jonna Sundling s\u00e4ljer sin tomt i skidmeckat T\u00e4rnaby.\u00a0 Ett beslut&hellip;\n","protected":false},"author":2,"featured_media":66320,"comment_status":"","ping_status":"","sticky":false,"template":"","format":"standard","meta":{"footnotes":""},"categories":[68],"tags":[3482,34,857,111,110,31,33,32,30],"class_list":{"0":"post-66319","1":"post","2":"type-post","3":"status-publish","4":"format-standard","5":"has-post-thumbnail","7":"category-sport","8":"tag-person-jonna-sundling","9":"tag-se","10":"tag-sections-langdskidor","11":"tag-sport","12":"tag-sports","13":"tag-svenska","14":"tag-sverige","15":"tag-sweden","16":"tag-swedish"},"share_on_mastodon":{"url":"https:\/\/pubeurope.com\/@se\/115451194497562806","error":""},"_links":{"self":[{"href":"https:\/\/www.europesays.com\/se\/wp-json\/wp\/v2\/posts\/66319","targetHints":{"allow":["GET"]}}],"collection":[{"href":"https:\/\/www.europesays.com\/se\/wp-json\/wp\/v2\/posts"}],"about":[{"href":"https:\/\/www.europesays.com\/se\/wp-json\/wp\/v2\/types\/post"}],"author":[{"embeddable":true,"href":"https:\/\/www.europesays.com\/se\/wp-json\/wp\/v2\/users\/2"}],"replies":[{"embeddable":true,"href":"https:\/\/www.europesays.com\/se\/wp-json\/wp\/v2\/comments?post=66319"}],"version-history":[{"count":0,"href":"https:\/\/www.europesays.com\/se\/wp-json\/wp\/v2\/posts\/66319\/revisions"}],"wp:featuredmedia":[{"embeddable":true,"href":"https:\/\/www.europesays.com\/se\/wp-json\/wp\/v2\/media\/66320"}],"wp:attachment":[{"href":"https:\/\/www.europesays.com\/se\/wp-json\/wp\/v2\/media?parent=66319"}],"wp:term":[{"taxonomy":"category","embeddable":true,"href":"https:\/\/www.europesays.com\/se\/wp-json\/wp\/v2\/categories?post=66319"},{"taxonomy":"post_tag","embeddable":true,"href":"https:\/\/www.europesays.com\/se\/wp-json\/wp\/v2\/tags?post=66319"}],"curies":[{"name":"wp","href":"https:\/\/api.w.org\/{rel}","templated":true}]}}