{"id":66332,"date":"2025-10-28T10:06:14","date_gmt":"2025-10-28T10:06:14","guid":{"rendered":"https:\/\/www.europesays.com\/se\/66332\/"},"modified":"2025-10-28T10:06:14","modified_gmt":"2025-10-28T10:06:14","slug":"cyberattack-mot-svenska-kraftnat-utredning-pagar-efter-dataintrang","status":"publish","type":"post","link":"https:\/\/www.europesays.com\/se\/66332\/","title":{"rendered":"Cyberattack mot Svenska kraftn\u00e4t \u2013 utredning p\u00e5g\u00e5r efter dataintr\u00e5ng"},"content":{"rendered":"<p> <img fetchpriority=\"high\" decoding=\"async\" width=\"6720\" height=\"4480\" src=\"https:\/\/www.europesays.com\/se\/wp-content\/uploads\/2025\/10\/databreach.jpeg\" class=\"attachment-full size-full\" alt=\"\"   data-eio=\"p\"\/><\/p>\n<p>\u2013 Vi tar detta intr\u00e5ng p\u00e5 st\u00f6rsta allvar och har vidtagit omedelbara \u00e5tg\u00e4rder. Vi f\u00f6rst\u00e5r att detta kan skapa oro men elf\u00f6rs\u00f6rjningen har inte p\u00e5verkats av detta intr\u00e5ng, s\u00e4ger Cem G\u00f6cg\u00f6ren vid Svenska kraftn\u00e4t i ett pressmeddelande.<\/p>\n<p>Svenska kraftn\u00e4t, som ansvarar f\u00f6r det svenska stamn\u00e4tet f\u00f6r el, samarbetar nu med Polisen och Myndigheten f\u00f6r samh\u00e4llsskydd och beredskap (MSB) i den p\u00e5g\u00e5ende utredningen.<\/p>\n<p>Enligt uppgifter till Aftonbladet har hackergruppen Everest tagit p\u00e5 sig ansvaret f\u00f6r attacken. Gruppen uppger sig ha kommit \u00f6ver cirka 280 gigabyte data och hotar att publicera materialet om inte en l\u00f6sensumma betalas.<\/p>\n<p>En utsatt sektor<\/p>\n<p>Exakt vilken typ av information som kan ha l\u00e4ckt ut \u00e4r i nul\u00e4get oklart. H\u00e4ndelsen understryker dock det v\u00e4xande cyberhotet mot samh\u00e4llskritisk infrastruktur \u2013 en sektor som de senaste \u00e5ren utsatts f\u00f6r ett \u00f6kande antal avancerade intr\u00e5ngsf\u00f6rs\u00f6k.<\/p>\n<p>MSB har tidigare varnat f\u00f6r att akt\u00f6rer med b\u00e5de ekonomiska och statliga motiv riktar sig mot energisektorn och andra delar av totalf\u00f6rsvaret.<\/p>\n<p>\u2013 Den h\u00e4r typen av h\u00e4ndelser visar vikten av ett starkt skydd, snabba incidentrutiner och kontinuerlig samverkan mellan myndigheter och bransch, s\u00e4ger en s\u00e4kerhetsk\u00e4lla med insyn i sektorn.<\/p>\n<p class=\"legal\">Aktuell S\u00e4kerhet jobbar f\u00f6r alla som vill g\u00f6ra s\u00e4krare aff\u00e4rer och \u00e4r d\u00e4rf\u00f6r en s\u00e4ker informationsk\u00e4lla f\u00f6r s\u00e4kerhetsansvariga inom s\u00e5v\u00e4l privat som statlig och kommunal sektor. Vi str\u00e4var efter f\u00f6rstahandsk\u00e4llor och att vara p\u00e5 plats d\u00e4r det h\u00e4nder. Trov\u00e4rdighet och opartiskhet \u00e4r centrala v\u00e4rden f\u00f6r v\u00e5r nyhetsjournalistik<\/p>\n<p>Skaffa Aktuell S\u00e4kerhet Nyhetsbrev<\/p>\n<p>Genom att klicka p\u00e5 &#8221;Prenumerera&#8221; ger du samtycke till att vi sparar och anv\u00e4nder dina personuppgifter i enlighet med v\u00e5r integritetspolicy.<\/p>\n","protected":false},"excerpt":{"rendered":"\u2013 Vi tar detta intr\u00e5ng p\u00e5 st\u00f6rsta allvar och har vidtagit omedelbara \u00e5tg\u00e4rder. Vi f\u00f6rst\u00e5r att detta kan&hellip;\n","protected":false},"author":2,"featured_media":66333,"comment_status":"","ping_status":"","sticky":false,"template":"","format":"standard","meta":{"footnotes":""},"categories":[65],"tags":[3018,6078,6079,72,1920,70,71,34,31,33,32,30],"class_list":{"0":"post-66332","1":"post","2":"type-post","3":"status-publish","4":"format-standard","5":"has-post-thumbnail","7":"category-ekonomi","8":"tag-cybersakerhet","9":"tag-everest","10":"tag-svenskakraftnat","11":"tag-business","12":"tag-cyberattack","13":"tag-economy","14":"tag-ekonomi","15":"tag-se","16":"tag-svenska","17":"tag-sverige","18":"tag-sweden","19":"tag-swedish"},"share_on_mastodon":{"url":"https:\/\/pubeurope.com\/@se\/115451237966994177","error":""},"_links":{"self":[{"href":"https:\/\/www.europesays.com\/se\/wp-json\/wp\/v2\/posts\/66332","targetHints":{"allow":["GET"]}}],"collection":[{"href":"https:\/\/www.europesays.com\/se\/wp-json\/wp\/v2\/posts"}],"about":[{"href":"https:\/\/www.europesays.com\/se\/wp-json\/wp\/v2\/types\/post"}],"author":[{"embeddable":true,"href":"https:\/\/www.europesays.com\/se\/wp-json\/wp\/v2\/users\/2"}],"replies":[{"embeddable":true,"href":"https:\/\/www.europesays.com\/se\/wp-json\/wp\/v2\/comments?post=66332"}],"version-history":[{"count":0,"href":"https:\/\/www.europesays.com\/se\/wp-json\/wp\/v2\/posts\/66332\/revisions"}],"wp:featuredmedia":[{"embeddable":true,"href":"https:\/\/www.europesays.com\/se\/wp-json\/wp\/v2\/media\/66333"}],"wp:attachment":[{"href":"https:\/\/www.europesays.com\/se\/wp-json\/wp\/v2\/media?parent=66332"}],"wp:term":[{"taxonomy":"category","embeddable":true,"href":"https:\/\/www.europesays.com\/se\/wp-json\/wp\/v2\/categories?post=66332"},{"taxonomy":"post_tag","embeddable":true,"href":"https:\/\/www.europesays.com\/se\/wp-json\/wp\/v2\/tags?post=66332"}],"curies":[{"name":"wp","href":"https:\/\/api.w.org\/{rel}","templated":true}]}}