{"id":66343,"date":"2025-10-28T10:21:08","date_gmt":"2025-10-28T10:21:08","guid":{"rendered":"https:\/\/www.europesays.com\/se\/66343\/"},"modified":"2025-10-28T10:21:08","modified_gmt":"2025-10-28T10:21:08","slug":"saucedo-blir-pappa-igen","status":"publish","type":"post","link":"https:\/\/www.europesays.com\/se\/66343\/","title":{"rendered":"Saucedo blir pappa igen"},"content":{"rendered":"<p>Publicerad 28 okt 2025 kl 11.13<\/p>\n<p>Vilken bebislycka!<\/p>\n<p>Danny Saucedo och Anna Eriksson v\u00e4ntar barn igen.\u00a0<\/p>\n<p>\u201dKan knappt v\u00e4nta p\u00e5 nummer tv\u00e5\u201d, skriver Danny p\u00e5 Instagram.\u00a0<\/p>\n<p><img   alt=\"\"\/><\/p>\n<p>Danny Saucedo.<\/p>\n<p>Foto: MATTIAS HANSSON \/ SPA<\/p>\n<p>\u00d6ppna bild i helsk\u00e4rm<img loading=\"lazy\"   alt=\"\"\/> <\/p>\n<p>Foto: Instagram<\/p>\n<p>\u00d6ppna bild i helsk\u00e4rm<\/p>\n<p>I slutet av 2023 blev artisten <a href=\"https:\/\/www.expressen.se\/tagg\/person\/danny-saucedo\/\" class=\"\" rel=\"nofollow noopener\" target=\"_blank\">Danny Saucedo<\/a>, 39, och modellen Anna Eriksson, 30, f\u00f6r\u00e4ldrar till sonen Nahuel.\u00a0<\/p>\n<p>\u2013 Det var Anna som h\u00f6rde namnet n\u00e4r hon var ute och reste i Sydamerika och n\u00e4r hon sa det k\u00e4ndes det bara \u201dyes vad fint\u201d, har Saucedo sagt i \u201dP4 Extra\u201d.\u00a0<\/p>\n<p>Nu v\u00e4ntar de ytterligare ett barn, avsl\u00f6jar Anna Eriksson med en bild p\u00e5 Instagram.\u00a0<\/p>\n<p>\u00c4ven Danny Saucedo delar med sig av det gl\u00e4djande beskedet.\u00a0<\/p>\n<p>\u201dAnna. S\u00e5 tacksam att g\u00f6ra det h\u00e4r \u00e4ventyret med dig! Kan knappt v\u00e4nta p\u00e5 nummer tv\u00e5! V\u00e4rldens b\u00e4sta mami\u201d, skriver han.\u00a0<\/p>\n<p>Danny Saucedo har tidigare ber\u00e4ttat om k\u00e4nslorna kring att bli pappa och att Mello-l\u00e5ten \u201dHappy that you found me\u201d handlar om sonen.\u00a0<\/p>\n<p>\u2013 Jag kommer f\u00f6rs\u00f6ka att fucka upp honom s\u00e5 lite som m\u00f6jligt men jag vill framf\u00f6r allt bara skapa en vettig m\u00e4nniska som n\u00e5gonstans tillslut kommer s\u00e4ga, pappa, du fattar inte. Och d\u00e5 tror jag att jag har gjort r\u00e4tt. N\u00e5gon som tar det vidare, mitt tak blir hans golv, har han sagt i \u201dP4 Extra\u201d.\u00a0<\/p>\n<p><a href=\"https:\/\/www.instagram.com\/p\/DQTx0RADNYs\/?hl=sv&amp;img_index=1?hidecaption=true\" data-provider=\"instagram\" class=\"js-social-embed\" rel=\"nofollow noopener\" target=\"_blank\">https:\/\/www.instagram.com\/p\/DQTx0RADNYs\/?hl=sv&amp;img_index=1?hidecaption=true<\/a><script async src=\"\/\/www.instagram.com\/embed.js\"><\/script><\/p>\n","protected":false},"excerpt":{"rendered":"Publicerad 28 okt 2025 kl 11.13 Vilken bebislycka! Danny Saucedo och Anna Eriksson v\u00e4ntar barn igen.\u00a0 \u201dKan knappt&hellip;\n","protected":false},"author":2,"featured_media":66344,"comment_status":"","ping_status":"","sticky":false,"template":"","format":"standard","meta":{"footnotes":""},"categories":[67],"tags":[104,6080,34,31,33,32,30,105],"class_list":{"0":"post-66343","1":"post","2":"type-post","3":"status-publish","4":"format-standard","5":"has-post-thumbnail","7":"category-underhallning","8":"tag-entertainment","9":"tag-person-danny-saucedo","10":"tag-se","11":"tag-svenska","12":"tag-sverige","13":"tag-sweden","14":"tag-swedish","15":"tag-underhallning"},"share_on_mastodon":{"url":"https:\/\/pubeurope.com\/@se\/115451296676032640","error":""},"_links":{"self":[{"href":"https:\/\/www.europesays.com\/se\/wp-json\/wp\/v2\/posts\/66343","targetHints":{"allow":["GET"]}}],"collection":[{"href":"https:\/\/www.europesays.com\/se\/wp-json\/wp\/v2\/posts"}],"about":[{"href":"https:\/\/www.europesays.com\/se\/wp-json\/wp\/v2\/types\/post"}],"author":[{"embeddable":true,"href":"https:\/\/www.europesays.com\/se\/wp-json\/wp\/v2\/users\/2"}],"replies":[{"embeddable":true,"href":"https:\/\/www.europesays.com\/se\/wp-json\/wp\/v2\/comments?post=66343"}],"version-history":[{"count":0,"href":"https:\/\/www.europesays.com\/se\/wp-json\/wp\/v2\/posts\/66343\/revisions"}],"wp:featuredmedia":[{"embeddable":true,"href":"https:\/\/www.europesays.com\/se\/wp-json\/wp\/v2\/media\/66344"}],"wp:attachment":[{"href":"https:\/\/www.europesays.com\/se\/wp-json\/wp\/v2\/media?parent=66343"}],"wp:term":[{"taxonomy":"category","embeddable":true,"href":"https:\/\/www.europesays.com\/se\/wp-json\/wp\/v2\/categories?post=66343"},{"taxonomy":"post_tag","embeddable":true,"href":"https:\/\/www.europesays.com\/se\/wp-json\/wp\/v2\/tags?post=66343"}],"curies":[{"name":"wp","href":"https:\/\/api.w.org\/{rel}","templated":true}]}}