{"id":66351,"date":"2025-10-28T10:27:13","date_gmt":"2025-10-28T10:27:13","guid":{"rendered":"https:\/\/www.europesays.com\/se\/66351\/"},"modified":"2025-10-28T10:27:13","modified_gmt":"2025-10-28T10:27:13","slug":"ensamhet-kan-oka-risk-att-do-i-cancer","status":"publish","type":"post","link":"https:\/\/www.europesays.com\/se\/66351\/","title":{"rendered":"Ensamhet kan \u00f6ka risk att d\u00f6 i cancer"},"content":{"rendered":"<p class=\"ingress\">&#13;<br \/>\n\t\t\t\t\t\t\t\t\t\t\tCancerpatienter som \u00e4r ensamma eller socialt isolerade verkar l\u00f6pa h\u00f6gre risk att d\u00f6 \u2013 b\u00e5de av cancer och av andra orsaker. Det visar en ny forskaranalys.\t\t\t\t\t\t\t\t\t\t<\/p>\n<p>&#13;<br \/>\n\t\t\t\t\t\t\t\t\t\t\t\t\t\tJan Arleij\t\t\t\t\t\t\t\t\t\t\t\t\t<\/p>\n<p>&#13;<br \/>\n\t\t\t\t\t\t\t\t\t\t\t\t\t\tPublicerad 2025-10-28&#13;\n\t\t\t\t\t\t\t\t\t\t\t\t\t<\/p>\n<p>Det \u00e4r en studie publicerad i den medicinska tidskriften BMJ Oncology som kommer fram till att ensamhet eller att vara socialt isolerad kunde kopplas till 11 procents h\u00f6gre risk att d\u00f6 av cancer och 34 procents h\u00f6gre risk att d\u00f6 av andra orsaker.<\/p>\n<p>Studien bygger p\u00e5 en kanadensisk forskargrupp som har analyserat data fr\u00e5n 16 tidigare publicerade studier omfattande mer \u00e4n 1,6 miljoner m\u00e4nniskor med cancer i Kanada, England, Finland, Frankrike, Irland, Japan och USA.<\/p>\n<p>\u2013 Dessa fynd tyder sammantaget p\u00e5 att ensamhet och social isolering kan p\u00e5verka cancerresultat ut\u00f6ver traditionella biologiska och behandlingsrelaterade faktorer, s\u00e4ger forskarna enligt ett referat i <a href=\"https:\/\/www.euronews.com\/\" rel=\"nofollow noopener\" target=\"_blank\">EuroNews<\/a>.<\/p>\n<p>Fler i Europa<\/p>\n<p>Ett tecken p\u00e5 att isolering och negativ ensamhet kan vara en faktor \u00e4r att Europa har fler d\u00f6dsfall i cancer \u00e4n vad befolkningsandelen motiverar.<\/p>\n<p>Cirka 20 procent av alla d\u00f6dsfall i cancer intr\u00e4ffar i Europa trots att man har mindre \u00e4n 10 procent av v\u00e4rldens befolkning.<\/p>\n<p>Psykisk oh\u00e4lsa<\/p>\n<p>Forskarna konstaterar att ensamhet kan utl\u00f6sa en stressreaktion som skadar immunsystemet och orsakar inflammation, vilket f\u00f6rv\u00e4rrar en cancerpatients sjukdom.<\/p>\n<p>Cancer kan ocks\u00e5 t\u00e4ra h\u00e5rt p\u00e5 m\u00e4nniskors mentala h\u00e4lsa, till exempel om de k\u00e4nner att deras n\u00e4ra och k\u00e4ra inte f\u00f6rst\u00e5r vad de g\u00e5r igenom eller om de upplever tr\u00f6tthet och hj\u00e4rndimma till f\u00f6ljd av behandlingen.<\/p>\n<p>Allt fler bevis<\/p>\n<p>Resultaten bidrar enligt forskarna till en v\u00e4xande m\u00e4ngd bevis f\u00f6r att ensamhet och social isolering kan skada m\u00e4nniskors h\u00e4lsa. Tidigare har man ocks\u00e5 kunnat visa att tillst\u00e5nden kan \u00f6ka risken f\u00f6r hj\u00e4rtinfarkt, stroke, typ 2-diabetes, demens, depression, \u00e5ngest och sj\u00e4lvmordsbeteenden.<\/p>\n<p>Forskarna understryker vikten av ytterligare studier f\u00f6r att bekr\u00e4fta resultaten. De betonar ocks\u00e5 betydelsen av riktade psykosociala insatser inom cancerv\u00e5rden.<\/p>\n<p>\t\t\t\t\t\t\t\t\t\t\t&#13;<br \/>\n\t\t\t\t\t\t\tAllt fler cancerfall\t\t\t\t\t\t<\/p>\n<p><strong>Studien <\/strong>kommer mitt i en uppg\u00e5ng i den globala cancerb\u00f6rdan. Antalet nya cancerfall i v\u00e4rlden f\u00f6rv\u00e4ntas \u00f6ka med n\u00e4stan 75 procent fram till 2050 \u2013 framf\u00f6r allt i l\u00e5ginkomstl\u00e4nder d\u00e4r befolkningen b\u00e5de v\u00e4xer och blir \u00e4ldre.<\/p>\n<p><a href=\"https:\/\/www.europesays.com\/se\/wp-content\/uploads\/2025\/10\/aldrehander.jpg\"><img loading=\"lazy\" decoding=\"async\" width=\"724\" height=\"407\" src=\"https:\/\/www.europesays.com\/se\/wp-content\/uploads\/2025\/10\/aldrehander.jpg\" alt=\"\" class=\"wp-image-268626\" style=\"width:404px;height:auto\"  \/><\/a><\/p>\n<p><strong>I Sverige<\/strong> drabbas idag drygt var tredje svensk av cancer under sin livstid. Om trettio \u00e5r kommer antalet \u00e4ldre \u00f6ver 65 \u00e5r ha \u00f6kat kraftigt \u2013 och d\u00e4rmed antalet cancerpatienter.<\/p>\n<p>&#13;<br \/>\n\t\t\t\t\t\t\t\t\t\t\t\t\tJan Arleij\t\t\t\t\t\t\t\t\t\t\t\t<\/p>\n<p>&#13;<br \/>\n\t\t\t\t\t\t\t\t\t\t\t\t\tPublicerad 2025-10-28&#13;\n\t\t\t\t\t\t\t\t\t\t\t\t<\/p>\n","protected":false},"excerpt":{"rendered":"&#13; Cancerpatienter som \u00e4r ensamma eller socialt isolerade verkar l\u00f6pa h\u00f6gre risk att d\u00f6 \u2013 b\u00e5de av cancer&hellip;\n","protected":false},"author":2,"featured_media":66352,"comment_status":"","ping_status":"","sticky":false,"template":"","format":"standard","meta":{"footnotes":""},"categories":[69],"tags":[113,112,34,31,33,32,30],"class_list":{"0":"post-66351","1":"post","2":"type-post","3":"status-publish","4":"format-standard","5":"has-post-thumbnail","7":"category-halsa","8":"tag-halsa","9":"tag-health","10":"tag-se","11":"tag-svenska","12":"tag-sverige","13":"tag-sweden","14":"tag-swedish"},"share_on_mastodon":{"url":"https:\/\/pubeurope.com\/@se\/115451320334113620","error":""},"_links":{"self":[{"href":"https:\/\/www.europesays.com\/se\/wp-json\/wp\/v2\/posts\/66351","targetHints":{"allow":["GET"]}}],"collection":[{"href":"https:\/\/www.europesays.com\/se\/wp-json\/wp\/v2\/posts"}],"about":[{"href":"https:\/\/www.europesays.com\/se\/wp-json\/wp\/v2\/types\/post"}],"author":[{"embeddable":true,"href":"https:\/\/www.europesays.com\/se\/wp-json\/wp\/v2\/users\/2"}],"replies":[{"embeddable":true,"href":"https:\/\/www.europesays.com\/se\/wp-json\/wp\/v2\/comments?post=66351"}],"version-history":[{"count":0,"href":"https:\/\/www.europesays.com\/se\/wp-json\/wp\/v2\/posts\/66351\/revisions"}],"wp:featuredmedia":[{"embeddable":true,"href":"https:\/\/www.europesays.com\/se\/wp-json\/wp\/v2\/media\/66352"}],"wp:attachment":[{"href":"https:\/\/www.europesays.com\/se\/wp-json\/wp\/v2\/media?parent=66351"}],"wp:term":[{"taxonomy":"category","embeddable":true,"href":"https:\/\/www.europesays.com\/se\/wp-json\/wp\/v2\/categories?post=66351"},{"taxonomy":"post_tag","embeddable":true,"href":"https:\/\/www.europesays.com\/se\/wp-json\/wp\/v2\/tags?post=66351"}],"curies":[{"name":"wp","href":"https:\/\/api.w.org\/{rel}","templated":true}]}}