{"id":66368,"date":"2025-10-28T10:42:30","date_gmt":"2025-10-28T10:42:30","guid":{"rendered":"https:\/\/www.europesays.com\/se\/66368\/"},"modified":"2025-10-28T10:42:30","modified_gmt":"2025-10-28T10:42:30","slug":"sno-pa-ingang-dags-att-satta-pa-vinterdacken-omni","status":"publish","type":"post","link":"https:\/\/www.europesays.com\/se\/66368\/","title":{"rendered":"Sn\u00f6 p\u00e5 ing\u00e5ng: \u201dDags att s\u00e4tta p\u00e5 vinterd\u00e4cken\u201d &#8211; Omni"},"content":{"rendered":"<ol>\n<li><a href=\"https:\/\/news.google.com\/rss\/articles\/CBMieEFVX3lxTE1neFJPX2NrdHFrbnlwaDVZcnRuZ3RsUUMxNGsya00yN0gyTTE4TXNCZFJ5NGhiaVhkT1p2OW1mWGJMemcwdGp5N0trdXBrcUVjT3dYLTBkaUdTcU5lM2FkMzNqb19Tb0JoeVJpUDRESEMyc2RXY0w4ZA?oc=5\" target=\"_blank\" rel=\"nofollow noopener\">Sn\u00f6 p\u00e5 ing\u00e5ng: \u201dDags att s\u00e4tta p\u00e5 vinterd\u00e4cken\u201d<\/a>&nbsp;&nbsp;Omni<\/li>\n<li><a href=\"https:\/\/news.google.com\/rss\/articles\/CBMimgFBVV95cUxPcnpiU2VhZXhFdWY3c1ZrS3JjOVJGWHhwLUFtNExCLXZuOEhwbWNBbEVHRmdGaVpBeGQ0UUhqZXdYY1dTb0ZOZkxmaXNIZlB0WHl0eVZrVHNUc2RKbmxISTE0U0FUNFZ3Mmp5czc2QUF2VWpPOVRnTVQ4TEIyMktVb29aV3dhdFgzSktma0V3aHdyaHk4a1d5VHpn?oc=5\" target=\"_blank\" rel=\"nofollow noopener\">S\u00e5 blir h\u00f6stlovsv\u00e4dret: \u201dKanske s\u00e4songens f\u00f6rsta sn\u00f6\u201d<\/a>&nbsp;&nbsp;Aftonbladet<\/li>\n<li><a href=\"https:\/\/news.google.com\/rss\/articles\/CBMifEFVX3lxTE5wY2Frbkt2WGt0aWlPblBqMnA5UmVkMXg1QklmT0o4dXRiODRFUWhNVGNNR254WV9CQllWZTFRME5KQS1iTG0tY3RDaUxNRENCTDZNUzdRUnRVb1RGenBVNURlcEVKbkY0M2VQVU10WFVTNzdnakZKVmdVeEs?oc=5\" target=\"_blank\" rel=\"nofollow noopener\">Regnsmocka n\u00e4rmar sig: \u201dD\u00e5 brakar det p\u00e5\u201d<\/a>&nbsp;&nbsp;Expressen<\/li>\n<li><a href=\"https:\/\/news.google.com\/rss\/articles\/CBMioAFBVV95cUxOWXJiaUN2bHVyNm1DOTAxMl80a0lDY0RldVUyWDBqT3FWcGNmaGpUallUdzBRckJKUlg4dWZXU19ZLWxubEplS3ppY3RZSDA2M0lwWE9Qbm5Bd2lKMmx2YlBFR1hKbnJDVnRDN0JfNGlaMmh1MlpvLVBSMVZ4RTNuRFVLRkxpeGxDY1pUTkwxb25Td3ptY1ZqVmIzR1JTZmNX?oc=5\" target=\"_blank\" rel=\"nofollow noopener\">Ludde fr\u00e5n J\u00f6nk\u00f6ping: \u201dByter d\u00e4ck dagen innan sn\u00f6n kommer\u201d<\/a>&nbsp;&nbsp;SVT Nyheter<\/li>\n<li><a href=\"https:\/\/news.google.com\/rss\/articles\/CBMihgFBVV95cUxNMFpNQWRHNU1vWHl4bjdEZTNzZDJKd21QRDU5b1NGV2puY1VJVjRTcmVJTlNScEdyRVZnVE8yc1JENm5EMjVZVlMtbjNfTnhKWld0MDJUS251WXVrOXFRWWtDVzVKNFhmUXFrR1ozRk5RNFlobkJMNnNmQ2F6SURWT2c5WUR4QQ?oc=5\" target=\"_blank\" rel=\"nofollow noopener\">Bl\u00f6tt och bl\u00e5sigt men inte hoppl\u00f6st \u2013 s\u00e5 blir lovv\u00e4dret<\/a>&nbsp;&nbsp;HD<\/li>\n<\/ol>\n","protected":false},"excerpt":{"rendered":"Sn\u00f6 p\u00e5 ing\u00e5ng: \u201dDags att s\u00e4tta p\u00e5 vinterd\u00e4cken\u201d&nbsp;&nbsp;Omni S\u00e5 blir h\u00f6stlovsv\u00e4dret: \u201dKanske s\u00e4songens f\u00f6rsta sn\u00f6\u201d&nbsp;&nbsp;Aftonbladet Regnsmocka n\u00e4rmar sig:&hellip;\n","protected":false},"author":2,"featured_media":66369,"comment_status":"","ping_status":"","sticky":false,"template":"","format":"standard","meta":{"footnotes":""},"categories":[5],"tags":[22,23,26,27,17,21,24,25,28,29,15,16,18,34,842,31,33,32,30,19,20,693],"class_list":{"0":"post-66368","1":"post","2":"type-post","3":"status-publish","4":"format-standard","5":"has-post-thumbnail","7":"category-rubriker","8":"tag-breaking-news","9":"tag-breakingnews","10":"tag-featured-news","11":"tag-featurednews","12":"tag-headlines","13":"tag-huvudnyheter","14":"tag-latest-news","15":"tag-latestnews","16":"tag-main-news","17":"tag-mainnews","18":"tag-news","19":"tag-nyheter","20":"tag-rubriker","21":"tag-se","22":"tag-smhi","23":"tag-svenska","24":"tag-sverige","25":"tag-sweden","26":"tag-swedish","27":"tag-top-stories","28":"tag-topstories","29":"tag-vader"},"share_on_mastodon":{"url":"https:\/\/pubeurope.com\/@se\/115451379325988997","error":""},"_links":{"self":[{"href":"https:\/\/www.europesays.com\/se\/wp-json\/wp\/v2\/posts\/66368","targetHints":{"allow":["GET"]}}],"collection":[{"href":"https:\/\/www.europesays.com\/se\/wp-json\/wp\/v2\/posts"}],"about":[{"href":"https:\/\/www.europesays.com\/se\/wp-json\/wp\/v2\/types\/post"}],"author":[{"embeddable":true,"href":"https:\/\/www.europesays.com\/se\/wp-json\/wp\/v2\/users\/2"}],"replies":[{"embeddable":true,"href":"https:\/\/www.europesays.com\/se\/wp-json\/wp\/v2\/comments?post=66368"}],"version-history":[{"count":0,"href":"https:\/\/www.europesays.com\/se\/wp-json\/wp\/v2\/posts\/66368\/revisions"}],"wp:featuredmedia":[{"embeddable":true,"href":"https:\/\/www.europesays.com\/se\/wp-json\/wp\/v2\/media\/66369"}],"wp:attachment":[{"href":"https:\/\/www.europesays.com\/se\/wp-json\/wp\/v2\/media?parent=66368"}],"wp:term":[{"taxonomy":"category","embeddable":true,"href":"https:\/\/www.europesays.com\/se\/wp-json\/wp\/v2\/categories?post=66368"},{"taxonomy":"post_tag","embeddable":true,"href":"https:\/\/www.europesays.com\/se\/wp-json\/wp\/v2\/tags?post=66368"}],"curies":[{"name":"wp","href":"https:\/\/api.w.org\/{rel}","templated":true}]}}