{"id":66370,"date":"2025-10-28T10:43:19","date_gmt":"2025-10-28T10:43:19","guid":{"rendered":"https:\/\/www.europesays.com\/se\/66370\/"},"modified":"2025-10-28T10:43:19","modified_gmt":"2025-10-28T10:43:19","slug":"ny-studie-sa-kan-tarmfloran-bli-starkare-utan-att-andra-kosten","status":"publish","type":"post","link":"https:\/\/www.europesays.com\/se\/66370\/","title":{"rendered":"Ny studie: S\u00e5 kan tarmfloran bli starkare \u2013 utan att \u00e4ndra kosten"},"content":{"rendered":"<p>Molekylen som st\u00e4rker tarmfloran<\/p>\n<p>I studien identifierade forskarna kasein-glykomakropeptid (CGMP), en mj\u00f6lkbaserad molekyl som finns naturligt i ostvassle. Molekylen \u00e4r ett protein med sockermolekyler och visade sig st\u00e4rka slemlagret hos m\u00f6ss som fick en v\u00e4sterl\u00e4ndsk kost.<\/p>\n<p>Resultatet blev fler nyttiga bakterier och ett starkare slemlager, vilket forskarna menar kan ha betydelse \u00e4ven f\u00f6r m\u00e4nniskor. <\/p>\n<p>\u201cVi antar att det skulle fungera \u00e4ven p\u00e5 m\u00e4nniskor, eftersom vi antar att slemmet kan regleras p\u00e5 ett liknade s\u00e4tt,\u201d s\u00e4ger Bj\u00f6rn Schr\u00f6der till Aftonbladet, med f\u00f6rbeh\u00e5ll f\u00f6r att det \u00e4nnu inte har testats p\u00e5 m\u00e4nniskor och d\u00e4rf\u00f6r inte kan bekr\u00e4ftas s\u00e4kert.<\/p>\n<p>Rekommendation: Mer kostfibrer<\/p>\n<p>Trots de positiva resultaten p\u00e5pekar forskarna att den b\u00e4sta metoden f\u00f6r att gynna tarmfloran fortfarande \u00e4r en fiberrik kost.<\/p>\n<p>\u201cM\u00e5nga \u00e4ter inte tillr\u00e4ckligt med kostfibrer och f\u00e5r d\u00e4rf\u00f6r en mindre rik bakterieflora. Om man d\u00e5 vet vilka bakterier man vill ha i tarmen s\u00e5 kan man s\u00f6ka efter mat eller specifika produkter som \u00e4r bra f\u00f6r olika bakterier. Prebiotiska tillskott \u00e4r bra f\u00f6r de goda bakterierna,\u201d s\u00e4ger Schr\u00f6der.<\/p>\n<p>Han uppmanar svenskar att \u00f6ka intaget av kostfibrer, eftersom m\u00e5nga inte n\u00e5r rekommenderad m\u00e4ngd.<\/p>\n<p>N\u00e4r kan molekylen bli tillg\u00e4nglig?<\/p>\n<p>CGMP har potential att bli ett framtida kosttillskott, men enligt Schr\u00f6der kan det dr\u00f6ja flera \u00e5r innan det finns i butik.<\/p>\n<p><strong>L\u00e4s mer p\u00e5 News55:<\/strong> <a href=\"https:\/\/news55.se\/halsa\/wellness\/modern-diet-gor-under-mot-farliga-bukfettet\/\" rel=\"nofollow noopener\" target=\"_blank\">Modern diet g\u00f6r under mot farliga bukfettet<\/a><\/p>\n<p>L\u00e4s mer fr\u00e5n News55 &#8211; v\u00e5rt nyhetsbrev \u00e4r kostnadsfritt:Prenumerera<\/p>\n","protected":false},"excerpt":{"rendered":"Molekylen som st\u00e4rker tarmfloran I studien identifierade forskarna kasein-glykomakropeptid (CGMP), en mj\u00f6lkbaserad molekyl som finns naturligt i ostvassle.&hellip;\n","protected":false},"author":2,"featured_media":66371,"comment_status":"","ping_status":"","sticky":false,"template":"","format":"standard","meta":{"footnotes":""},"categories":[69],"tags":[632,113,112,6081,6082,34,4595,31,33,32,30,6083],"class_list":{"0":"post-66370","1":"post","2":"type-post","3":"status-publish","4":"format-standard","5":"has-post-thumbnail","7":"category-halsa","8":"tag-forskning","9":"tag-halsa","10":"tag-health","11":"tag-kost","12":"tag-kosttillskott","13":"tag-se","14":"tag-studie","15":"tag-svenska","16":"tag-sverige","17":"tag-sweden","18":"tag-swedish","19":"tag-tarmflora"},"share_on_mastodon":{"url":"https:\/\/pubeurope.com\/@se\/115451383301615749","error":""},"_links":{"self":[{"href":"https:\/\/www.europesays.com\/se\/wp-json\/wp\/v2\/posts\/66370","targetHints":{"allow":["GET"]}}],"collection":[{"href":"https:\/\/www.europesays.com\/se\/wp-json\/wp\/v2\/posts"}],"about":[{"href":"https:\/\/www.europesays.com\/se\/wp-json\/wp\/v2\/types\/post"}],"author":[{"embeddable":true,"href":"https:\/\/www.europesays.com\/se\/wp-json\/wp\/v2\/users\/2"}],"replies":[{"embeddable":true,"href":"https:\/\/www.europesays.com\/se\/wp-json\/wp\/v2\/comments?post=66370"}],"version-history":[{"count":0,"href":"https:\/\/www.europesays.com\/se\/wp-json\/wp\/v2\/posts\/66370\/revisions"}],"wp:featuredmedia":[{"embeddable":true,"href":"https:\/\/www.europesays.com\/se\/wp-json\/wp\/v2\/media\/66371"}],"wp:attachment":[{"href":"https:\/\/www.europesays.com\/se\/wp-json\/wp\/v2\/media?parent=66370"}],"wp:term":[{"taxonomy":"category","embeddable":true,"href":"https:\/\/www.europesays.com\/se\/wp-json\/wp\/v2\/categories?post=66370"},{"taxonomy":"post_tag","embeddable":true,"href":"https:\/\/www.europesays.com\/se\/wp-json\/wp\/v2\/tags?post=66370"}],"curies":[{"name":"wp","href":"https:\/\/api.w.org\/{rel}","templated":true}]}}