{"id":66407,"date":"2025-10-28T11:14:16","date_gmt":"2025-10-28T11:14:16","guid":{"rendered":"https:\/\/www.europesays.com\/se\/66407\/"},"modified":"2025-10-28T11:14:16","modified_gmt":"2025-10-28T11:14:16","slug":"jennifer-falk-blickar-framat-efter-forlusten-vi-kommer-ge-allt","status":"publish","type":"post","link":"https:\/\/www.europesays.com\/se\/66407\/","title":{"rendered":"Jennifer Falk blickar fram\u00e5t efter f\u00f6rlusten: \u201dVi kommer ge allt\u201d"},"content":{"rendered":"<p>Damlandslagets m\u00e5lvakt Jennifer Falk tvingades h\u00e4mta bollen ur sitt n\u00e4t fyra g\u00e5nger i fredagens match mot Spanien. En f\u00f6rlust som hon f\u00f6rs\u00f6kt sl\u00e4ppa och blicka vidare mot returm\u00f6tet.<br \/>\n\u2013 Vi ligger under med 4-0, vi m\u00e5ste g\u00e5 f\u00f6r det, s\u00e4ger Jennifer Falk.<\/p>\n<p class=\"p1\">M\u00e5lvakten Jennifer Falk hade ingen rolig dag p\u00e5 jobbet i Malaga n\u00e4r svenska damlandslaget spelade den f\u00f6rsta semifinalen i Women\u2019s Nations League mot Spanien. Redan efter elva minuter hade v\u00e4rldsettan gjort f\u00f6rsta m\u00e5let. N\u00e4r lagen gick till halvtidsvila stod det 3-0 till Spanien p\u00e5 tavlan. N\u00e4r domaren bl\u00e5ste av matchen ledde hemmalaget med 4-0. <\/p>\n<p class=\"p1\">\u2013 Nu ska det bara fokus p\u00e5 matchen imorgon. Det \u00e4r klart att det var tungt i fredags. Men nu \u00e4r det bara att blicka fram\u00e5t och allt fokus p\u00e5 imorgon, s\u00e4ger Jennifer Falk. <\/p>\n<p class=\"p1\">Trots den stora mariginalen p\u00e5 resultattavlan kan Jennifer Falk \u00e4nd\u00e5 se vissa positiva saker fr\u00e5n f\u00f6rsta m\u00f6tet. <\/p>\n<p class=\"p1\">\u2013 Det blev ju tv\u00e5 lite olika halvlekar. F\u00f6rsta halvlek s\u00e5 var det inte s\u00e5 mycket ut\u00f6ver deras m\u00e5l och sen i andra fick jag \u00e4nd\u00e5 g\u00f6ra n\u00e5gra r\u00e4ddningar. Sen var det tungt med det sista m\u00e5let, s\u00e5 jag tycker \u00e4nd\u00e5 att vi g\u00f6r en bra halvlek och det k\u00e4ndes riktigt surt att sl\u00e4ppa in ett p\u00e5 \u00f6vertid. <\/p>\n<p class=\"p1\">Den nu 32-\u00e5rige m\u00e5lvakten har hunnit vara med om en hel del i landslaget, sedan debuten 2020. Hon s\u00e4ger att det blivit lite l\u00e4ttare nu att g\u00e5 vidare efter s\u00e5dana f\u00f6rlustmatcher. <\/p>\n<p class=\"p1\">\u2013 Jag har blivit b\u00e4ttre med \u00e5ren skulle jag s\u00e4ga \u00e4nd\u00e5. Att bara f\u00f6rs\u00f6ka se om det fanns n\u00e5got som jag hade kunnat g\u00f6ra annorlunda och ta med mig det fram\u00e5t. <\/p>\n<p class=\"p1\">Nu v\u00e4ntar ett returm\u00f6te mot Spanien och en minst sagt tuff uppgift om man ska kunna ta sig till finalen. P\u00e5 pappret n\u00e4stan en om\u00f6jlig uppgift att ta ikapp fyra m\u00e5l p\u00e5 v\u00e4rldsettan. Men Jennifer Falk och hennes lagkamrater har inte gett upp hoppet \u00e4n. <\/p>\n<p class=\"p1\">&#8211; Jag skulle s\u00e4ga att vi pratar mer om vad vi ska g\u00f6ra f\u00f6r att g\u00f6ra en bra match. Inte liksom om resultatet eller n\u00e5gonting, utan vad beh\u00f6ver vi g\u00f6ra i de h\u00e4r situationerna och s\u00e5. Det \u00e4r klart vi vill g\u00f6ra en massa m\u00e5l. <\/p>\n<p class=\"p1\">P\u00e5 fr\u00e5gan om man tror p\u00e5 att g\u00f6ra fem m\u00e5l mot v\u00e4rldsettan s\u00e4ger Falk s\u00e5 h\u00e4r: <\/p>\n<p class=\"p1\">\u2013 Jag vet inte, det kommer ju bli skitsv\u00e5rt. Men det \u00e4r klart att vi ska f\u00f6rs\u00f6ka. Och det \u00e4r klart att vi kommer ge allt vi kan f\u00f6r att g\u00f6ra det. Men det kommer ju bli sv\u00e5rt att g\u00f6ra det. Det s\u00e4ger ju sig sj\u00e4lvt. Jag tror det viktigaste \u00e4r att vi fokuserar bara p\u00e5 att f\u00f6rs\u00f6ka g\u00f6ra en s\u00e5 bra prestation som m\u00f6jligt. Och s\u00e5 f\u00e5r vi se hur l\u00e5ngt det r\u00e4cker. <\/p>\n<p class=\"p1\"><strong>Hur viktig kommer publiken bli i uppgiften? <\/strong><\/p>\n<p class=\"p1\">\u2013 J\u00e4tteviktig. Publiken ger alltid massa energi och det \u00e4r superh\u00e4rligt att vara h\u00e4r i G\u00f6teborg. Det brukar alltid vara toppenst\u00e4mning h\u00e4r, s\u00e5 jag ser fram emot det. <\/p>\n","protected":false},"excerpt":{"rendered":"Damlandslagets m\u00e5lvakt Jennifer Falk tvingades h\u00e4mta bollen ur sitt n\u00e4t fyra g\u00e5nger i fredagens match mot Spanien. En&hellip;\n","protected":false},"author":2,"featured_media":66408,"comment_status":"","ping_status":"","sticky":false,"template":"","format":"standard","meta":{"footnotes":""},"categories":[68],"tags":[159,158,157,138,156,165,164,140,34,160,162,111,110,31,161,33,32,30,163],"class_list":{"0":"post-66407","1":"post","2":"type-post","3":"status-publish","4":"format-standard","5":"has-post-thumbnail","7":"category-sport","8":"tag-allsvenskan","9":"tag-fans","10":"tag-fantv","11":"tag-fotboll","12":"tag-hockey","13":"tag-matcher","14":"tag-matchprogram","15":"tag-premier-league","16":"tag-se","17":"tag-serie-a","18":"tag-spelschema","19":"tag-sport","20":"tag-sports","21":"tag-svenska","22":"tag-svenskafans","23":"tag-sverige","24":"tag-sweden","25":"tag-swedish","26":"tag-tabeller"},"share_on_mastodon":{"url":"https:\/\/pubeurope.com\/@se\/115451505206812767","error":""},"_links":{"self":[{"href":"https:\/\/www.europesays.com\/se\/wp-json\/wp\/v2\/posts\/66407","targetHints":{"allow":["GET"]}}],"collection":[{"href":"https:\/\/www.europesays.com\/se\/wp-json\/wp\/v2\/posts"}],"about":[{"href":"https:\/\/www.europesays.com\/se\/wp-json\/wp\/v2\/types\/post"}],"author":[{"embeddable":true,"href":"https:\/\/www.europesays.com\/se\/wp-json\/wp\/v2\/users\/2"}],"replies":[{"embeddable":true,"href":"https:\/\/www.europesays.com\/se\/wp-json\/wp\/v2\/comments?post=66407"}],"version-history":[{"count":0,"href":"https:\/\/www.europesays.com\/se\/wp-json\/wp\/v2\/posts\/66407\/revisions"}],"wp:featuredmedia":[{"embeddable":true,"href":"https:\/\/www.europesays.com\/se\/wp-json\/wp\/v2\/media\/66408"}],"wp:attachment":[{"href":"https:\/\/www.europesays.com\/se\/wp-json\/wp\/v2\/media?parent=66407"}],"wp:term":[{"taxonomy":"category","embeddable":true,"href":"https:\/\/www.europesays.com\/se\/wp-json\/wp\/v2\/categories?post=66407"},{"taxonomy":"post_tag","embeddable":true,"href":"https:\/\/www.europesays.com\/se\/wp-json\/wp\/v2\/tags?post=66407"}],"curies":[{"name":"wp","href":"https:\/\/api.w.org\/{rel}","templated":true}]}}