{"id":66425,"date":"2025-10-28T11:27:19","date_gmt":"2025-10-28T11:27:19","guid":{"rendered":"https:\/\/www.europesays.com\/se\/66425\/"},"modified":"2025-10-28T11:27:19","modified_gmt":"2025-10-28T11:27:19","slug":"hogre-dos-fetmalakemedel-kan-ger-snabbare-viktnedgang-ny-studie","status":"publish","type":"post","link":"https:\/\/www.europesays.com\/se\/66425\/","title":{"rendered":"H\u00f6gre dos fetmal\u00e4kemedel kan ger snabbare viktnedg\u00e5ng \u2013 ny studie"},"content":{"rendered":"<p>Publicerad 27 okt 2025 kl 11.00<\/p>\n<p> Premium G\u00e5r man ner snabbare i vikt med en h\u00f6gre dos l\u00e4kemedel mot obesitas?\u00a0<\/p>\n<p>Blir biverkningarna fler?<\/p>\n<p>Resultat fr\u00e5n en ny omfattande studie ger sp\u00e4nnande, och i viss m\u00e5n ov\u00e4ntade, svar:<\/p>\n<p>\u2013 Det finns individuella skillnader i hur k\u00e4nslig man \u00e4r f\u00f6r den h\u00e4r typen av mediciner, s\u00e4ger l\u00e4karen Ylva Trolle Lagerros.<\/p>\n<p><img   alt=\"G\u00e5r man ner snabbare i vikt med en h\u00f6gre dos l\u00e4kemedel mot obesitas? Och f\u00e5r man fler biverkningar? Resultat fr\u00e5n en ny omfattande studie ger sp\u00e4nnande svar.\"\/><\/p>\n<p>G\u00e5r man ner snabbare i vikt med en h\u00f6gre dos l\u00e4kemedel mot obesitas? Och f\u00e5r man fler biverkningar? Resultat fr\u00e5n en ny omfattande studie ger sp\u00e4nnande svar. Foto: MillaF \/ Shutterstock<\/p>\n<p>Dela artikel<\/p>\n<p>Kopiera l\u00e4nk<\/p>\n<p>L\u00e4nk kopierad<\/p>\n<p>Studien, som omfattar 1 400 patienter p\u00e5 95 kliniker i elva l\u00e4nder, har v\u00e4ckt uppm\u00e4rksamhet \u2013 b\u00e5de bland l\u00e4kare och patienter.\u00a0<\/p>\n<p>Deltagarna, 1 037 kvinnor och 370 m\u00e4n, lottades till tre grupper, d\u00e4r de fick antingen standarddos av <a href=\"https:\/\/halsoliv.expressen.se\/medicin\/lakemedel-och-behandling\/vad-ar-det-for-skillnad-pa-ozempic-och-mounjaro\" data-click-url=\"https:\/\/halsoliv.expressen.se\/medicin\/lakemedel-och-behandling\/vad-ar-det-for-skillnad-pa-ozempic-och-mounjaro\" data-t-type=\"c-t\" data-t-label=\"bodyText-link\" class=\"js-ct\" rel=\"nofollow noopener\" target=\"_blank\">l\u00e4kemedel mot obesitas<\/a>, tre g\u00e5nger standarddos \u2013 eller placebo.<\/p>\n","protected":false},"excerpt":{"rendered":"Publicerad 27 okt 2025 kl 11.00 Premium G\u00e5r man ner snabbare i vikt med en h\u00f6gre dos l\u00e4kemedel&hellip;\n","protected":false},"author":2,"featured_media":66426,"comment_status":"","ping_status":"","sticky":false,"template":"","format":"standard","meta":{"footnotes":""},"categories":[65],"tags":[72,2630,70,71,279,5688,444,34,31,33,32,30],"class_list":{"0":"post-66425","1":"post","2":"type-post","3":"status-publish","4":"format-standard","5":"has-post-thumbnail","7":"category-ekonomi","8":"tag-business","9":"tag-diabetes","10":"tag-economy","11":"tag-ekonomi","12":"tag-folkhalsa","13":"tag-livsstilssjukdom","14":"tag-ozempic","15":"tag-se","16":"tag-svenska","17":"tag-sverige","18":"tag-sweden","19":"tag-swedish"},"share_on_mastodon":{"url":"https:\/\/pubeurope.com\/@se\/115451556245689899","error":""},"_links":{"self":[{"href":"https:\/\/www.europesays.com\/se\/wp-json\/wp\/v2\/posts\/66425","targetHints":{"allow":["GET"]}}],"collection":[{"href":"https:\/\/www.europesays.com\/se\/wp-json\/wp\/v2\/posts"}],"about":[{"href":"https:\/\/www.europesays.com\/se\/wp-json\/wp\/v2\/types\/post"}],"author":[{"embeddable":true,"href":"https:\/\/www.europesays.com\/se\/wp-json\/wp\/v2\/users\/2"}],"replies":[{"embeddable":true,"href":"https:\/\/www.europesays.com\/se\/wp-json\/wp\/v2\/comments?post=66425"}],"version-history":[{"count":0,"href":"https:\/\/www.europesays.com\/se\/wp-json\/wp\/v2\/posts\/66425\/revisions"}],"wp:featuredmedia":[{"embeddable":true,"href":"https:\/\/www.europesays.com\/se\/wp-json\/wp\/v2\/media\/66426"}],"wp:attachment":[{"href":"https:\/\/www.europesays.com\/se\/wp-json\/wp\/v2\/media?parent=66425"}],"wp:term":[{"taxonomy":"category","embeddable":true,"href":"https:\/\/www.europesays.com\/se\/wp-json\/wp\/v2\/categories?post=66425"},{"taxonomy":"post_tag","embeddable":true,"href":"https:\/\/www.europesays.com\/se\/wp-json\/wp\/v2\/tags?post=66425"}],"curies":[{"name":"wp","href":"https:\/\/api.w.org\/{rel}","templated":true}]}}