{"id":66455,"date":"2025-10-28T12:08:07","date_gmt":"2025-10-28T12:08:07","guid":{"rendered":"https:\/\/www.europesays.com\/se\/66455\/"},"modified":"2025-10-28T12:08:07","modified_gmt":"2025-10-28T12:08:07","slug":"idf-anklagas-for-att-dumpa-byggavfall-inne-i-gaza","status":"publish","type":"post","link":"https:\/\/www.europesays.com\/se\/66455\/","title":{"rendered":"IDF anklagas f\u00f6r att dumpa byggavfall inne i Gaza"},"content":{"rendered":"<p>Israels f\u00f6rsvarsmakt IDF har l\u00e5tit privata entrepren\u00f6rer dumpa stora m\u00e4ngder byggavfall och br\u00e5te i Gaza, enligt Haaretz. Videoklipp visar hur lastbilar k\u00f6r in i Gaza och tippar avfall n\u00e5gra hundra meter in, f\u00f6r att sedan \u00e5terv\u00e4nda och lasta p\u00e5 mer material.<\/p>\n<p>Det uppges bland annat handla om betong, metall och r\u00f6rdelar som kommer fr\u00e5n IDF:s egna byggarbeten n\u00e4ra gr\u00e4nsen.<\/p>\n<p>\u2013 F\u00f6rutom att det \u00e4r skamligt kan man fr\u00e5ga sig om det verkligen \u00e4r det h\u00e4r som arm\u00e9n ska syssla med. De dumpar byggavfall [&#8230;] som Hamas i slut\u00e4ndan kommer att anv\u00e4nda f\u00f6r egna syften, s\u00e4ger en k\u00e4lla med insyn till tidningen.<\/p>\n<p>Omni \u00e4r politiskt obundna och oberoende. Vi str\u00e4var efter att ge fler perspektiv p\u00e5 nyheterna. Har du fr\u00e5gor eller synpunkter kring v\u00e5r rapportering? <a href=\"https:\/\/omni.se\/idf-anklagas-for-att-dumpa-byggavfall-inne-i-gaza\/a\/mailto:redaktion@omni.se\" class=\"ArticleActions_contactLink__W2F1M\" rel=\"nofollow noopener\" target=\"_blank\">Kontakta redaktionen<\/a><\/p>\n","protected":false},"excerpt":{"rendered":"Israels f\u00f6rsvarsmakt IDF har l\u00e5tit privata entrepren\u00f6rer dumpa stora m\u00e4ngder byggavfall och br\u00e5te i Gaza, enligt Haaretz. Videoklipp&hellip;\n","protected":false},"author":2,"featured_media":66456,"comment_status":"","ping_status":"","sticky":false,"template":"","format":"standard","meta":{"footnotes":""},"categories":[14],"tags":[22,23,26,27,121,17,21,4066,342,24,25,28,29,124,125,15,16,18,34,31,33,32,30,19,20,51,52,53,54],"class_list":{"0":"post-66455","1":"post","2":"type-post","3":"status-publish","4":"format-standard","5":"has-post-thumbnail","7":"category-varlden","8":"tag-breaking-news","9":"tag-breakingnews","10":"tag-featured-news","11":"tag-featurednews","12":"tag-gaza","13":"tag-headlines","14":"tag-huvudnyheter","15":"tag-idf-the-israel-defence-forces","16":"tag-israel","17":"tag-latest-news","18":"tag-latestnews","19":"tag-main-news","20":"tag-mainnews","21":"tag-mellanostern","22":"tag-mellanosternkrisen","23":"tag-news","24":"tag-nyheter","25":"tag-rubriker","26":"tag-se","27":"tag-svenska","28":"tag-sverige","29":"tag-sweden","30":"tag-swedish","31":"tag-top-stories","32":"tag-topstories","33":"tag-varlden","34":"tag-world","35":"tag-world-news","36":"tag-worldnews"},"share_on_mastodon":{"url":"https:\/\/pubeurope.com\/@se\/115451717437312932","error":""},"_links":{"self":[{"href":"https:\/\/www.europesays.com\/se\/wp-json\/wp\/v2\/posts\/66455","targetHints":{"allow":["GET"]}}],"collection":[{"href":"https:\/\/www.europesays.com\/se\/wp-json\/wp\/v2\/posts"}],"about":[{"href":"https:\/\/www.europesays.com\/se\/wp-json\/wp\/v2\/types\/post"}],"author":[{"embeddable":true,"href":"https:\/\/www.europesays.com\/se\/wp-json\/wp\/v2\/users\/2"}],"replies":[{"embeddable":true,"href":"https:\/\/www.europesays.com\/se\/wp-json\/wp\/v2\/comments?post=66455"}],"version-history":[{"count":0,"href":"https:\/\/www.europesays.com\/se\/wp-json\/wp\/v2\/posts\/66455\/revisions"}],"wp:featuredmedia":[{"embeddable":true,"href":"https:\/\/www.europesays.com\/se\/wp-json\/wp\/v2\/media\/66456"}],"wp:attachment":[{"href":"https:\/\/www.europesays.com\/se\/wp-json\/wp\/v2\/media?parent=66455"}],"wp:term":[{"taxonomy":"category","embeddable":true,"href":"https:\/\/www.europesays.com\/se\/wp-json\/wp\/v2\/categories?post=66455"},{"taxonomy":"post_tag","embeddable":true,"href":"https:\/\/www.europesays.com\/se\/wp-json\/wp\/v2\/tags?post=66455"}],"curies":[{"name":"wp","href":"https:\/\/api.w.org\/{rel}","templated":true}]}}