{"id":66457,"date":"2025-10-28T12:10:21","date_gmt":"2025-10-28T12:10:21","guid":{"rendered":"https:\/\/www.europesays.com\/se\/66457\/"},"modified":"2025-10-28T12:10:21","modified_gmt":"2025-10-28T12:10:21","slug":"tvarstopp-for-truecaller-aktien-faller-handlost-breakit","status":"publish","type":"post","link":"https:\/\/www.europesays.com\/se\/66457\/","title":{"rendered":"Tv\u00e4rstopp f\u00f6r Truecaller \u2013 aktien faller handl\u00f6st &#8211; Breakit"},"content":{"rendered":"<ol>\n<li><a href=\"https:\/\/news.google.com\/rss\/articles\/CBMiqwFBVV95cUxOaHVYbkFUTVpwdjUxeG5CeTh4NHpvb2prNnZWOW9WbFcxTDUyWU9XQmpqOERfMnV1RmJOenRzYlhaR2FsdDRBRGQ2QklnbkNiYUZ0VFBuVmU2MFpud1p5NUpsT1VHM3BEc2dwWFFyVVd3QXJTVC1VVk45Zk00azVNWmMyQmZ3ak9wVG1lOG04bGVvVzNad1VpTktpZC1NaThMMnRnT0k1eW9yNk0?oc=5\" target=\"_blank\" rel=\"nofollow noopener\">Tv\u00e4rstopp f\u00f6r Truecaller \u2013 aktien faller handl\u00f6st<\/a>&nbsp;&nbsp;Breakit<\/li>\n<li><a href=\"https:\/\/news.google.com\/rss\/articles\/CBMidEFVX3lxTE1GWlZrRUwzQXFGZlo2VS1iRjcyV2FWUTJYWWUwSzZNSXFUZDFUTEZqbzFwbEtfbDhyYk9WbzRiT19CR0VwcTlGSFFMUWk3Mkd1Y2N3WWs1RzZjNU9NQmxSMVZaaWdZYld0c29zdkdDUm9vZHJH?oc=5\" target=\"_blank\" rel=\"nofollow noopener\">ABG ser k\u00f6pl\u00e4ge om Truecaller rapportrasar<\/a>&nbsp;&nbsp;DI<\/li>\n<li><a href=\"https:\/\/news.google.com\/rss\/articles\/CBMi5wFBVV95cUxNUWJ4a0VqTmZIMnZlNHpTM1Z4aWlxTlZHcU9qQjkyZTAxMTZxX1lXUlBDUjYta0xyZjgyQXYwOUJMMG5jMERNSnNjS3dERWNfZk9mcGxQZVN5UjR0clhNamUxU0FrODJ1WDByc2Q0RUw2WUt6Q2NTSDdVcTFuWm1yTV9Va1FQTG5rSGRDMVMwcndReFBEeUU2OWh4QTRrNExmQ1NoX0Jyd0YtbVh4dFhobE9ZTXBLU2ZxakY2VDJPUGRLZHVSX0prM2JLbmRtdmY5bXNUc2R1U1VGcm94c2wyYk9yemZ1VjA?oc=5\" target=\"_blank\" rel=\"nofollow noopener\">Stark tillv\u00e4xt i \u00e5terkommande int\u00e4kter och anv\u00e4ndare, annonsint\u00e4kter p\u00e5verkade av externa utmaningar<\/a>&nbsp;&nbsp;Cision News<\/li>\n<li><a href=\"https:\/\/news.google.com\/rss\/articles\/CBMimAFBVV95cUxORGx6SnplNnYyWFRpWHVCY2V1MkQzU3Q5SmR6RGNXMThMVWR1aHhfV0pSUm51a2dBVUY5VnRXQ3kyS1o0eXhqMnRrR2stV0Z6Qkp4alFBMDhrclByZkRnUGtfSlY1VVJ0U3huSUw3cnRoeUhkS1VVa19lQWtvd1hSUjF2QzhnUU5Da2d4RUdzS0tHSXRzTlZ4Zg?oc=5\" target=\"_blank\" rel=\"nofollow noopener\">Truecallers resultat bommar f\u00f6rv\u00e4ntningarna<\/a>&nbsp;&nbsp;Privata Aff\u00e4rer<\/li>\n<li><a href=\"https:\/\/news.google.com\/rss\/articles\/CBMisAFBVV95cUxQYUF1UWMyMXhRNVY3SXNDcTd1Q01yRWw2c1hxeEkzM3lQTFRHaGdvY1lTcFdMSzdZWE42X1BmZEN0X2tmTUIxTnFkUjlCNHFoS2pkcmJleE9XbTNqakJqbW5rdERhNGMxNVNNVXYtN3huZC0xUnJSaG1saEtoNHdFem5ZMmN6a25BYVhUY2QzVmt4NDJtZmJ0TmkwalB3azQyV3JBRy1RZDZBa2hFS1g1cQ?oc=5\" target=\"_blank\" rel=\"nofollow noopener\">Truecallers vd: Kvartalet levde inte upp till alla f\u00f6rv\u00e4ntningar<\/a>&nbsp;&nbsp;Expressen<\/li>\n<\/ol>\n","protected":false},"excerpt":{"rendered":"Tv\u00e4rstopp f\u00f6r Truecaller \u2013 aktien faller handl\u00f6st&nbsp;&nbsp;Breakit ABG ser k\u00f6pl\u00e4ge om Truecaller rapportrasar&nbsp;&nbsp;DI Stark tillv\u00e4xt i \u00e5terkommande int\u00e4kter&hellip;\n","protected":false},"author":2,"featured_media":66458,"comment_status":"","ping_status":"","sticky":false,"template":"","format":"standard","meta":{"footnotes":""},"categories":[5],"tags":[22,23,87,88,26,27,17,21,91,90,24,25,28,29,15,16,92,18,34,89,86,31,33,32,30,85,19,20],"class_list":{"0":"post-66457","1":"post","2":"type-post","3":"status-publish","4":"format-standard","5":"has-post-thumbnail","7":"category-rubriker","8":"tag-breaking-news","9":"tag-breakingnews","10":"tag-digital","11":"tag-entreprenor","12":"tag-featured-news","13":"tag-featurednews","14":"tag-headlines","15":"tag-huvudnyheter","16":"tag-king","17":"tag-klarna","18":"tag-latest-news","19":"tag-latestnews","20":"tag-main-news","21":"tag-mainnews","22":"tag-news","23":"tag-nyheter","24":"tag-riskkapital","25":"tag-rubriker","26":"tag-se","27":"tag-spotify","28":"tag-startups","29":"tag-svenska","30":"tag-sverige","31":"tag-sweden","32":"tag-swedish","33":"tag-tech","34":"tag-top-stories","35":"tag-topstories"},"share_on_mastodon":{"url":"https:\/\/pubeurope.com\/@se\/115451725290451303","error":""},"_links":{"self":[{"href":"https:\/\/www.europesays.com\/se\/wp-json\/wp\/v2\/posts\/66457","targetHints":{"allow":["GET"]}}],"collection":[{"href":"https:\/\/www.europesays.com\/se\/wp-json\/wp\/v2\/posts"}],"about":[{"href":"https:\/\/www.europesays.com\/se\/wp-json\/wp\/v2\/types\/post"}],"author":[{"embeddable":true,"href":"https:\/\/www.europesays.com\/se\/wp-json\/wp\/v2\/users\/2"}],"replies":[{"embeddable":true,"href":"https:\/\/www.europesays.com\/se\/wp-json\/wp\/v2\/comments?post=66457"}],"version-history":[{"count":0,"href":"https:\/\/www.europesays.com\/se\/wp-json\/wp\/v2\/posts\/66457\/revisions"}],"wp:featuredmedia":[{"embeddable":true,"href":"https:\/\/www.europesays.com\/se\/wp-json\/wp\/v2\/media\/66458"}],"wp:attachment":[{"href":"https:\/\/www.europesays.com\/se\/wp-json\/wp\/v2\/media?parent=66457"}],"wp:term":[{"taxonomy":"category","embeddable":true,"href":"https:\/\/www.europesays.com\/se\/wp-json\/wp\/v2\/categories?post=66457"},{"taxonomy":"post_tag","embeddable":true,"href":"https:\/\/www.europesays.com\/se\/wp-json\/wp\/v2\/tags?post=66457"}],"curies":[{"name":"wp","href":"https:\/\/api.w.org\/{rel}","templated":true}]}}