{"id":66505,"date":"2025-10-28T13:19:19","date_gmt":"2025-10-28T13:19:19","guid":{"rendered":"https:\/\/www.europesays.com\/se\/66505\/"},"modified":"2025-10-28T13:19:19","modified_gmt":"2025-10-28T13:19:19","slug":"minskade-spanningar-om-gaza-med-ny-skolmetod","status":"publish","type":"post","link":"https:\/\/www.europesays.com\/se\/66505\/","title":{"rendered":"Minskade sp\u00e4nningar om Gaza med ny skolmetod"},"content":{"rendered":"<p>Ett nytt s\u00e4tt att undervisa om konflikten mellan Israel och Palestina som pr\u00f6vats i skolor i Malm\u00f6 har lett till \u00f6kad f\u00f6rst\u00e5else och minskade sp\u00e4nningar mellan elever. Det konstateras i en ny studie, rapporterar P4 Malm\u00f6hus. <\/p>\n<p>I\u202fst\u00e4llet f\u00f6r att ge eleverna mer fakta har undervisningen fokuserat p\u00e5 att f\u00f6rst\u00e5 de olika sidornas perspektiv. David Rosenlund, som lett studien, s\u00e4ger att han \u00e4r positivt \u00f6verraskad \u00f6ver de tydliga och breda skillnaderna metoden lett till. <\/p>\n<p>\u2013 Det var en p\u00e5tagligt f\u00f6rb\u00e4ttrad f\u00f6rm\u00e5ga att lyfta fram perspektiven utan att g\u00e5 i affekt, s\u00e4ger han. <\/p>\n<p>Omni \u00e4r politiskt obundna och oberoende. Vi str\u00e4var efter att ge fler perspektiv p\u00e5 nyheterna. Har du fr\u00e5gor eller synpunkter kring v\u00e5r rapportering? <a href=\"https:\/\/omni.se\/minskade-spanningar-om-gaza-med-ny-skolmetod-i-malmo\/a\/mailto:redaktion@omni.se\" class=\"ArticleActions_contactLink__W2F1M\" rel=\"nofollow noopener\" target=\"_blank\">Kontakta redaktionen<\/a><\/p>\n","protected":false},"excerpt":{"rendered":"Ett nytt s\u00e4tt att undervisa om konflikten mellan Israel och Palestina som pr\u00f6vats i skolor i Malm\u00f6 har&hellip;\n","protected":false},"author":2,"featured_media":66506,"comment_status":"","ping_status":"","sticky":false,"template":"","format":"standard","meta":{"footnotes":""},"categories":[5],"tags":[223,22,23,26,27,17,21,342,24,25,28,29,417,124,125,15,16,123,18,34,389,982,31,33,32,30,19,20],"class_list":{"0":"post-66505","1":"post","2":"type-post","3":"status-publish","4":"format-standard","5":"has-post-thumbnail","7":"category-rubriker","8":"tag-barn-unga","9":"tag-breaking-news","10":"tag-breakingnews","11":"tag-featured-news","12":"tag-featurednews","13":"tag-headlines","14":"tag-huvudnyheter","15":"tag-israel","16":"tag-latest-news","17":"tag-latestnews","18":"tag-main-news","19":"tag-mainnews","20":"tag-malmo","21":"tag-mellanostern","22":"tag-mellanosternkrisen","23":"tag-news","24":"tag-nyheter","25":"tag-palestina","26":"tag-rubriker","27":"tag-se","28":"tag-skane-lan","29":"tag-skola-utbildning","30":"tag-svenska","31":"tag-sverige","32":"tag-sweden","33":"tag-swedish","34":"tag-top-stories","35":"tag-topstories"},"share_on_mastodon":{"url":"https:\/\/pubeurope.com\/@se\/115451996625581806","error":""},"_links":{"self":[{"href":"https:\/\/www.europesays.com\/se\/wp-json\/wp\/v2\/posts\/66505","targetHints":{"allow":["GET"]}}],"collection":[{"href":"https:\/\/www.europesays.com\/se\/wp-json\/wp\/v2\/posts"}],"about":[{"href":"https:\/\/www.europesays.com\/se\/wp-json\/wp\/v2\/types\/post"}],"author":[{"embeddable":true,"href":"https:\/\/www.europesays.com\/se\/wp-json\/wp\/v2\/users\/2"}],"replies":[{"embeddable":true,"href":"https:\/\/www.europesays.com\/se\/wp-json\/wp\/v2\/comments?post=66505"}],"version-history":[{"count":0,"href":"https:\/\/www.europesays.com\/se\/wp-json\/wp\/v2\/posts\/66505\/revisions"}],"wp:featuredmedia":[{"embeddable":true,"href":"https:\/\/www.europesays.com\/se\/wp-json\/wp\/v2\/media\/66506"}],"wp:attachment":[{"href":"https:\/\/www.europesays.com\/se\/wp-json\/wp\/v2\/media?parent=66505"}],"wp:term":[{"taxonomy":"category","embeddable":true,"href":"https:\/\/www.europesays.com\/se\/wp-json\/wp\/v2\/categories?post=66505"},{"taxonomy":"post_tag","embeddable":true,"href":"https:\/\/www.europesays.com\/se\/wp-json\/wp\/v2\/tags?post=66505"}],"curies":[{"name":"wp","href":"https:\/\/api.w.org\/{rel}","templated":true}]}}