{"id":66507,"date":"2025-10-28T13:21:12","date_gmt":"2025-10-28T13:21:12","guid":{"rendered":"https:\/\/www.europesays.com\/se\/66507\/"},"modified":"2025-10-28T13:21:12","modified_gmt":"2025-10-28T13:21:12","slug":"beskedet-orebros-storlofte-lanas-ut","status":"publish","type":"post","link":"https:\/\/www.europesays.com\/se\/66507\/","title":{"rendered":"Beskedet: \u00d6rebros storl\u00f6fte l\u00e5nas ut"},"content":{"rendered":"<p><strong>18-\u00e5rige Theodor Hallquisth draftades i andrarundan i somras och har spelat sex SHL-matcher med \u00d6rebro denna s\u00e4song.<br \/>Nu l\u00e5nas backl\u00f6ftet ut till Troja-Ljungby i Hockeyallsvenskan.<\/strong><\/p>\n<p><img loading=\"lazy\" decoding=\"async\" width=\"1024\" height=\"658\" src=\"https:\/\/www.europesays.com\/se\/wp-content\/uploads\/2025\/10\/251009KJ128-1024x658.webp.webp\" alt=\"Theodor Hallquisth\" class=\"wp-image-319066\"  \/>Theodor Hallquisth.<br \/><strong>Foto: <\/strong>Kenta J\u00f6nsson\/Bildbyr\u00e5n<\/p>\n<p>Speltiden p\u00e5 seniorniv\u00e5 har varit knapp f\u00f6r <a href=\"https:\/\/hockeysverige.se\/klubb\/orebro-hockey\/\" rel=\"nofollow noopener\" target=\"_blank\">\u00d6rebros<\/a> backl\u00f6fte <a href=\"https:\/\/hockeysverige.se\/spelare\/theodor-hallquisth\/\" rel=\"nofollow noopener\" target=\"_blank\">Theodor Hallquisth<\/a> under h\u00f6sten.<\/p>\n<p>Nu l\u00e5nas den <a href=\"https:\/\/hockeysverige.se\/nhl\/\" rel=\"nofollow noopener\" target=\"_blank\">NHL<\/a>-draftade 18-\u00e5ringen ut fr\u00e5n <a href=\"https:\/\/hockeysverige.se\/shl\/\" rel=\"nofollow noopener\" target=\"_blank\">SHL<\/a>-klubben till <a href=\"https:\/\/hockeysverige.se\/hockeyallsvenskan\/\" rel=\"nofollow noopener\" target=\"_blank\">hockeyallsvenska<\/a> nykomlingen <a href=\"https:\/\/hockeysverige.se\/klubb\/if-troja-ljungby\/\" rel=\"nofollow noopener\" target=\"_blank\">Troja-Ljungby<\/a>.<\/p>\n<p>\u2013 Theo \u00e4r en spelare som vi tror mycket p\u00e5 och vi ser stor potential i. Att vi har hittat den h\u00e4r l\u00f6sningen tillsammans med Troja-Ljungby \u00e4r n\u00e5got som vi b\u00e5de \u00e4r glada och tacksamma \u00f6ver. Vi ser det som helt r\u00e4tt steg f\u00f6r Theo just nu, d\u00e5 han f\u00e5r m\u00f6jlighet att utveckla sitt spel p\u00e5 seniorniv\u00e5, s\u00e4ger sportchefen Henrik L\u00f6wdahl.<\/p>\n<p>Draftad i andrarundan av Minnesota<\/p>\n<p>Utl\u00e5ningen g\u00e4ller tills vidare.<\/p>\n<p>\u2013  Vi \u00e4r v\u00e4ldigt n\u00f6jda med att f\u00e5 till ett samarbete med \u00d6rebro HK g\u00e4llande Theodor Hallquisth. I Theodor s\u00e5 b\u00e5de breddar vi och f\u00f6rst\u00e4rker vi v\u00e5r befintliga backbes\u00e4ttning, s\u00e4ger Troja-Ljungbys sportchef Tobias Johansson.<\/p>\n<p>Theodor Hallquisth draftades i andrarundan av <a href=\"https:\/\/hockeysverige.se\/klubb\/minnesota-wild\/\" rel=\"nofollow noopener\" target=\"_blank\">Minnesota Wild<\/a> i somras som 52:a spelare totalt. <\/p>\n<p>Den 18-\u00e5rige backen har under s\u00e4songen f\u00e5tt speltid i Juniorkronorna och har spelat totalt sex matcher i SHL, med en passningspo\u00e4ng som facit. I U20-laget har det blivit fem po\u00e4ng p\u00e5 elva matcher f\u00f6r backen som f\u00f6rra s\u00e4songen spelade U18-VM med Sm\u00e5kronorna.<\/p>\n<p>Sedan tidigare \u00e4r Theodor Hallquisths storebror Wilhelm Hallquisth, som tillh\u00f6r HV71, utl\u00e5nad till hockeyallsvenska S\u00f6dert\u00e4lje den h\u00e4r s\u00e4songen.<\/p>\n<p> Source: <a href=\"https:\/\/www.eliteprospects.com\/player\/871043\/theodor-hallquisth\" target=\"_blank\" rel=\"noopener noreferrer nofollow\">Theodor Hallquisth<\/a> @ Elite Prospects<\/p>\n","protected":false},"excerpt":{"rendered":"18-\u00e5rige Theodor Hallquisth draftades i andrarundan i somras och har spelat sex SHL-matcher med \u00d6rebro denna s\u00e4song.Nu l\u00e5nas&hellip;\n","protected":false},"author":2,"featured_media":66508,"comment_status":"","ping_status":"","sticky":false,"template":"","format":"standard","meta":{"footnotes":""},"categories":[68],"tags":[621,34,133,134,111,110,31,33,32,30,355],"class_list":{"0":"post-66507","1":"post","2":"type-post","3":"status-publish","4":"format-standard","5":"has-post-thumbnail","7":"category-sport","8":"tag-hockeyallsvenskan","9":"tag-se","10":"tag-second-news","11":"tag-shl","12":"tag-sport","13":"tag-sports","14":"tag-svenska","15":"tag-sverige","16":"tag-sweden","17":"tag-swedish","18":"tag-talang"},"share_on_mastodon":{"url":"https:\/\/pubeurope.com\/@se\/115452004621158442","error":""},"_links":{"self":[{"href":"https:\/\/www.europesays.com\/se\/wp-json\/wp\/v2\/posts\/66507","targetHints":{"allow":["GET"]}}],"collection":[{"href":"https:\/\/www.europesays.com\/se\/wp-json\/wp\/v2\/posts"}],"about":[{"href":"https:\/\/www.europesays.com\/se\/wp-json\/wp\/v2\/types\/post"}],"author":[{"embeddable":true,"href":"https:\/\/www.europesays.com\/se\/wp-json\/wp\/v2\/users\/2"}],"replies":[{"embeddable":true,"href":"https:\/\/www.europesays.com\/se\/wp-json\/wp\/v2\/comments?post=66507"}],"version-history":[{"count":0,"href":"https:\/\/www.europesays.com\/se\/wp-json\/wp\/v2\/posts\/66507\/revisions"}],"wp:featuredmedia":[{"embeddable":true,"href":"https:\/\/www.europesays.com\/se\/wp-json\/wp\/v2\/media\/66508"}],"wp:attachment":[{"href":"https:\/\/www.europesays.com\/se\/wp-json\/wp\/v2\/media?parent=66507"}],"wp:term":[{"taxonomy":"category","embeddable":true,"href":"https:\/\/www.europesays.com\/se\/wp-json\/wp\/v2\/categories?post=66507"},{"taxonomy":"post_tag","embeddable":true,"href":"https:\/\/www.europesays.com\/se\/wp-json\/wp\/v2\/tags?post=66507"}],"curies":[{"name":"wp","href":"https:\/\/api.w.org\/{rel}","templated":true}]}}