{"id":66551,"date":"2025-10-28T14:31:15","date_gmt":"2025-10-28T14:31:15","guid":{"rendered":"https:\/\/www.europesays.com\/se\/66551\/"},"modified":"2025-10-28T14:31:15","modified_gmt":"2025-10-28T14:31:15","slug":"far-hoppas-pa-flygande-grisar","status":"publish","type":"post","link":"https:\/\/www.europesays.com\/se\/66551\/","title":{"rendered":"\u201dF\u00e5r hoppas p\u00e5 flygande grisar\u201d"},"content":{"rendered":"<p><a data-test-tag=\"internal-link\" href=\"https:\/\/www.aftonbladet.se\/av\/ebba-thorneus\" class=\"hyperion-css-13ns1rr\" rel=\"nofollow noopener\" target=\"\" aria-label=\"Se alla artiklar av Ebba Thorn\u00e9us\"><img decoding=\"async\" class=\"image-asset hyperion-css-n6kkq1\" data-test-tag=\"image-asset\" src=\"https:\/\/www.europesays.com\/se\/wp-content\/uploads\/2025\/10\/1761661873_675_2d09eb25-54f6-48ce-b8c3-19b137c9eff5\"  alt=\"\"  loading=\"lazy\" fetchpriority=\"auto\" style=\"aspect-ratio:1900 \/ 1900\"\/><\/a>share-arrowDela<\/p>\n<p>unsaveSpara<\/p>\n<p>expand-left<\/p>\n<p>helsk\u00e4rm<img decoding=\"async\" class=\"image-asset hyperion-css-u06ts1\" data-test-tag=\"image-asset\" src=\"https:\/\/www.europesays.com\/se\/wp-content\/uploads\/2025\/10\/0e08c324-2791-4b91-b70c-128825b5814c\"  alt=\"Ulf Kristersson (M) har bjudit hem partiledarna i Tid\u00f6samarbetet f\u00f6r att diskutera den politiska framtiden. \"  loading=\"eager\" fetchpriority=\"high\" style=\"aspect-ratio:1900 \/ 1312\"\/>Ulf Kristersson (M) har bjudit hem partiledarna i Tid\u00f6samarbetet f\u00f6r att diskutera den politiska framtiden. Foto: Stefan Jerrev\u00e5ng<\/p>\n<p class=\"hyperion-css-1shl3oz\" data-test-tag=\"lead-text\">Ulf Kristersson hoppades kunna l\u00e4gga grunden f\u00f6r en ny politisk framtid i Str\u00e4ngn\u00e4s.<\/p>\n<p class=\"hyperion-css-1shl3oz\" data-test-tag=\"lead-text\">I st\u00e4llet m\u00f6ts han av tv\u00e5 r\u00f6da linjer \u2013 som nu \u00e4ventyrar ett framtida Tid\u00f6samarbete.<\/p>\n<p class=\"hyperion-css-1shl3oz\" data-test-tag=\"lead-text\">\u2013 Det ser v\u00e4ldigt, v\u00e4ldigt tufft ut just nu, s\u00e4ger statsvetaren Jonas Hinnfors.<\/p>\n<p class=\"hyperion-css-1v9qo5x\">Nyligen bj\u00f6d statsminister <a data-test-tag=\"internal-link\" href=\"https:\/\/www.aftonbladet.se\/tagg\/ulf-kristersson\" class=\"hyperion-css-15jkft9\" rel=\"nofollow noopener\" target=\"\" aria-label=\"Ulf Kristersson\">Ulf Kristersson<\/a> hem samtliga partiledare i Tid\u00f6samarbete till sitt hem i Str\u00e4ngn\u00e4s \u2013 med f\u00f6rhoppningen att kunna l\u00e4gga en grund f\u00f6r den politiska framtiden.<\/p>\n<p class=\"hyperion-css-1v9qo5x\">Men svaren blev i st\u00e4llet tv\u00e5 r\u00f6da linjer \u2013 en fr\u00e5n <a data-test-tag=\"internal-link\" href=\"https:\/\/www.aftonbladet.se\/tagg\/sverigedemokraterna\" class=\"hyperion-css-15jkft9\" rel=\"nofollow noopener\" target=\"\" aria-label=\"Sverigedemokraterna\">Sverigedemokraterna<\/a> och en fr\u00e5n Liberalerna.<\/p>\n<p class=\"hyperion-css-1v9qo5x\">Jonas Hinnfors, professor emeritus i statsvetenskap vid G\u00f6teborgs universitet, beskriver situationen som \u201den mycket jobbig sits\u201d f\u00f6r Moderatledaren, om det visar sig bli hans uppgift att bilda regering efter n\u00e4sta val.<\/p>\n<p class=\"hyperion-css-1v9qo5x\">\u2013 Han har ju sett sitt regeringsunderlag glida honom ur h\u00e4nderna lite grann. Jag har d\u00e4rf\u00f6r v\u00e4ldigt sv\u00e5rt att tro att ett s\u00e5dant m\u00f6te \u00e4ndrar n\u00e5gonting i det realpolitiska.<\/p>\n<p>expand-left<\/p>\n<p>helsk\u00e4rm<img decoding=\"async\" class=\"image-asset hyperion-css-u06ts1\" data-test-tag=\"image-asset\" src=\"https:\/\/www.europesays.com\/se\/wp-content\/uploads\/2025\/10\/07b47ebe-7019-4e09-8756-9f9a0aaaf4ab\"  alt=\"Statsvetaren Jonas Hinnfors.\"  loading=\"eager\" fetchpriority=\"high\" style=\"aspect-ratio:1900 \/ 1267\"\/>Statsvetaren Jonas Hinnfors. Foto: Adam Ihse \/ TT \/ TT Nyhetsbyr\u00e5n\u201dChicken race\u201d<\/p>\n<p class=\"hyperion-css-1v9qo5x\">D\u00e4rmed menar han att m\u00f6tet, tv\u00e4rtom, riskerar att bli ett stort misslyckande.<\/p>\n<p class=\"hyperion-css-1v9qo5x\">\u2013 Ja, allts\u00e5 egentligen finns det inte s\u00e5 m\u00e5nga alternativ att v\u00e4lja p\u00e5. Samtidigt tycker jag mig h\u00f6ra honom s\u00e4ga mellan raderna att det h\u00e4r ska nog g\u00e5, det ska nog l\u00f6sa sig. Det \u00e4r v\u00e4l att han t\u00e4nker att n\u00e5gon av de h\u00e4r partierna kommer att ge upp sin r\u00f6da linje i slut\u00e4ndan. Att det kommer bli n\u00e5gon typ av chicken race. <\/p>\n<p class=\"hyperion-css-1v9qo5x\">Enligt Jonas Hinnfors finns det flera t\u00e4nkbara scenarion i den nu r\u00e5dande situationen. <\/p>\n<p class=\"hyperion-css-1v9qo5x\">Ett av dem \u00e4r att SD ger med sig och forts\u00e4tter som st\u00f6dparti under ett nytt Tid\u00f6avtal.<\/p>\n<p class=\"hyperion-css-1v9qo5x\">\u2013 De kan i s\u00e5 fall f\u00e5 det att framst\u00e5 som att de andra \u00e5terigen \u201dgaddar\u201d ihop sig och p\u00e5 s\u00e5 s\u00e4tt kan de forts\u00e4tta h\u00e4vda att SD \u00e4r det \u201denda riktiga alternativet i svensk politik\u201d. Det \u00e4r en position partiet har haft f\u00f6rut.<\/p>\n<p>expand-left<\/p>\n<p>helsk\u00e4rm<img decoding=\"async\" class=\"image-asset hyperion-css-u06ts1\" data-test-tag=\"image-asset\" src=\"https:\/\/www.europesays.com\/se\/wp-content\/uploads\/2025\/10\/08053bcf-927b-4865-ba2c-b7760168eb65\"  alt=\"Jimmie \u00c5kesson (SD).\"  loading=\"eager\" fetchpriority=\"high\" style=\"aspect-ratio:1900 \/ 1267\"\/>Jimmie \u00c5kesson (SD). Foto: Bj\u00f6rn Lindahl\u201dV\u00e4ldigt komplicerat l\u00e4ge\u201d<\/p>\n<p class=\"hyperion-css-1v9qo5x\">Men givet de alltmer h\u00e5rdnande uttalandena fr\u00e5n <a data-test-tag=\"internal-link\" href=\"https:\/\/www.aftonbladet.se\/tagg\/jimmie-akesson\" class=\"hyperion-css-15jkft9\" rel=\"nofollow noopener\" target=\"\" aria-label=\"Jimmie \u00c5kesson\">Jimmie \u00c5kesson<\/a> menar Jonas Hinnfors att det \u00e4r mer sannolikt att SD st\u00e5r fast vid sin r\u00f6da linje, och att Kristersson d\u00e4rmed kommer f\u00f6rs\u00f6ka pressa Liberalerna att \u201dvika ned sig\u201d.<\/p>\n<p class=\"hyperion-css-1v9qo5x\">Bland annat i syfte att f\u00e5 st\u00f6dr\u00f6ster fr\u00e5n <a data-test-tag=\"internal-link\" href=\"https:\/\/www.aftonbladet.se\/tagg\/moderaterna\" class=\"hyperion-css-15jkft9\" rel=\"nofollow noopener\" target=\"\" aria-label=\"Moderaterna\">Moderaterna<\/a>. <\/p>\n<p class=\"hyperion-css-1v9qo5x\">\u2013 <a data-test-tag=\"internal-link\" href=\"https:\/\/www.aftonbladet.se\/tagg\/simona-mohamsson\" class=\"hyperion-css-15jkft9\" rel=\"nofollow noopener\" target=\"\" aria-label=\"Simona Mohamsson\">Simona Mohamsson<\/a> lyfter ju \u00e4nd\u00e5 att Tid\u00f6samarbetet har varit fruktbart och att hon hoppas p\u00e5 ett liknande uppl\u00e4gg igen. Men man ska samtidigt komma ih\u00e5g att detta inte har lyft bland v\u00e4ljarna och \u00e4r en av anledningarna till den liberala v\u00e4ljarflykten.<\/p>\n<p class=\"hyperion-css-1v9qo5x\">Liberalernas utspel den senaste tiden ska d\u00e4rf\u00f6r ses som ett f\u00f6rs\u00f6k att locka tillbaka v\u00e4ljarna igen, i hopp om att fortsatt klara riksdagssp\u00e4rren, menar Hinnfors.<\/p>\n<p class=\"hyperion-css-1v9qo5x\">\u2013 Att de d\u00e5, givet det h\u00e4r, skulle ta ytterligare ett steg n\u00e4rmre SD \u00e4r inte s\u00e4rskilt troligt. Samtidigt, sett till SD:s r\u00f6da linjer, \u00e4r ett Tid\u00f6avtal, likt det vi sett nu, inte heller s\u00e4rskilt sannolikt. <\/p>\n<p>expand-left<\/p>\n<p>helsk\u00e4rm<img decoding=\"async\" class=\"image-asset hyperion-css-u06ts1\" data-test-tag=\"image-asset\" src=\"https:\/\/www.europesays.com\/se\/wp-content\/uploads\/2025\/10\/9762f489-d582-4b34-a12c-68e26e4925e7\"  alt=\"Simona Mohamsson (L).\"  loading=\"eager\" fetchpriority=\"high\" style=\"aspect-ratio:1900 \/ 1267\"\/>Simona Mohamsson (L). Foto: Carolina Byrmo<\/p>\n<p class=\"hyperion-css-1v9qo5x\">Statsvetaren Marie Demker, ocks\u00e5 hon vid G\u00f6teborgs universitet, betonar ocks\u00e5 att Ulf att Kristersson befinner sig i ett \u201dv\u00e4ldigt komplicerat l\u00e4ge\u201d om situationen nu \u00e4r densamma efter valet.<\/p>\n<p class=\"hyperion-css-1v9qo5x\">\u00c4ven hon lyfter Liberalernas \u201dkniviga\u201d sits.<\/p>\n<p class=\"hyperion-css-1v9qo5x\">\u2013 Sista ordet \u00e4r ju sannolikt inte sagt \u00e4n men med tanke p\u00e5 att de har varit s\u00e5 tydliga i sitt nej till SD s\u00e5 riskerar de b\u00e5de att hamna utanf\u00f6r en regering men ocks\u00e5 att \u00e5ka ur riksdagen. Detta d\u00e5 de sannolikt inte kommer att f\u00e5 lika m\u00e5nga st\u00f6dr\u00f6ster som f\u00f6rut fr\u00e5n moderaterna, d\u00e5 de nu beh\u00f6ver dem sj\u00e4lva, vilket de historiskt har varit v\u00e4ldigt beroende av. <\/p>\n<p>expand-left<\/p>\n<p>helsk\u00e4rm<img decoding=\"async\" class=\"image-asset hyperion-css-u06ts1\" data-test-tag=\"image-asset\" src=\"https:\/\/www.europesays.com\/se\/wp-content\/uploads\/2025\/10\/3d6d0515-5483-4b4a-b35b-e4478166346b\"  alt=\"Statsvetaren Marie Demker.\"  loading=\"eager\" fetchpriority=\"high\" style=\"aspect-ratio:1900 \/ 1266\"\/>Statsvetaren Marie Demker. Foto: Adam Ihse\/TT \/ TT Nyhetsbyr\u00e5n\u201dChicken race\u201d<\/p>\n<p class=\"hyperion-css-1v9qo5x\">Ocks\u00e5 Marie Demker konstaterar att Kristersson \u00e4gnar sig \u00e5t ett \u201dchicken race\u201d, men menar att det \u00e4r \u201dhelt r\u00e4tt taktik\u201d. <\/p>\n<p class=\"hyperion-css-1v9qo5x\">\u2013 Han har absolut ingenting att tj\u00e4na p\u00e5 att ge sig in i de h\u00e4r turerna nu.<\/p>\n<p class=\"hyperion-css-1v9qo5x\">Enligt Marie Demker talar allt f\u00f6r att det kommer att bli \u201dn\u00e5gon form av kontrakt\u201d \u00e4ven efter n\u00e4sta val om den nuvarande konstellationen best\u00e5r.<\/p>\n<p class=\"hyperion-css-1v9qo5x\">\u2013 Men det kommer kanske att se helt annorlunda ut. Att SD skulle backa har jag sv\u00e5rt att se d\u00e5 de hela tiden har flyttat fram positionerna och inte backat ett tum. S\u00e5 det \u00e4r ju om L skulle kunna t\u00e4nka sig att ge sitt st\u00f6d till vissa sakpolitiska omr\u00e5den eller fr\u00e5gor. Ett exempel skulle kunna vara f\u00f6rslaget om att stoppa vinster i skolan.<\/p>\n<p class=\"hyperion-css-1v9qo5x\">Samtidigt, menar hon, \u00e4r risken stor att Liberalerna \u00e5ker ur i n\u00e4sta val.<\/p>\n<p class=\"hyperion-css-1v9qo5x\">\u2013 Min h\u00f6gst skakiga gissning \u00e4r att L inte kommer att klara sig kvar d\u00e5 jag i dagsl\u00e4get har v\u00e4ldigt sv\u00e5rt att se vilka som skulle st\u00f6dr\u00f6sta p\u00e5 Liberalerna.<\/p>\n<p class=\"hyperion-css-1v9qo5x\">Att Centerpartiet exempelvis skulle kov\u00e4nda och st\u00f6dja en borgerlig regering d\u00e4r SD ing\u00e5r ser hon inte heller som s\u00e4rskilt sannolikt. <\/p>\n<p class=\"hyperion-css-1v9qo5x\">\u2013 Allt kan s\u00e5klart h\u00e4nda, men jag kan inte se att de skulle byta fot i den fr\u00e5gan nu.<\/p>\n<p class=\"hyperion-css-1v9qo5x\">\u00c4ven Jonas Hinnfors betonar att man inom politik \u201daldrig ska s\u00e4ga aldrig\u201d. <\/p>\n<p class=\"hyperion-css-1v9qo5x\">\u2013 Det finns ju det h\u00e4r uttrycket \u201dn\u00e4r grisar flyger\u201d, att man kan hoppas och \u00f6nsket\u00e4nka n\u00e5got in i det l\u00e4ngsta. <\/p>\n<p>expand-left<\/p>\n<p>helsk\u00e4rm<img decoding=\"async\" class=\"image-asset hyperion-css-u06ts1\" data-test-tag=\"image-asset\" src=\"https:\/\/www.europesays.com\/se\/wp-content\/uploads\/2025\/10\/52727e79-41b7-468e-98e4-2e7991d947fc\"  alt=\"Hinfors liknar Kristerssons anstr\u00e4ngningar vid att han hoppas p\u00e5 \u201dflygande grisar\u201d.\"  loading=\"eager\" fetchpriority=\"high\" style=\"aspect-ratio:1000 \/ 644\"\/>Hinfors liknar Kristerssons anstr\u00e4ngningar vid att han hoppas p\u00e5 \u201dflygande grisar\u201d. Foto: APHoppas p\u00e5 flygande grisar <\/p>\n<p class=\"hyperion-css-1v9qo5x\"><strong>Ska man enligt dig d\u00e5 se det som att det mest \u00e4r Kristersson som nu hoppas p\u00e5 flygande grisar?<\/strong><\/p>\n<p class=\"hyperion-css-1v9qo5x\">\u2013 Ja, och samtidigt kan man f\u00f6rst\u00e5 att han \u00e4nd\u00e5 f\u00f6rs\u00f6ker. Jag tror att n\u00e4r han s\u00e4ger att man ska ta de h\u00e4r beskeden med en nypa salt, d\u00e5 menar han nog att det kommer att ordna sig. Att n\u00e5gon kommer att vika ned sig tillslut. <\/p>\n<p class=\"hyperion-css-1v9qo5x\">\u2013 Men rent realpolitiskt s\u00e5 ser det v\u00e4ldigt, v\u00e4ldigt tufft ut just nu.<\/p>\n<p class=\"hyperion-css-1v9qo5x\">Ett tredje och kanske minst troligt scenario \u00e4r ett samarbete mellan Moderaterna och Socialdemokraterna.<\/p>\n<p class=\"hyperion-css-1v9qo5x\">\u2013 Det finns flera exempel i europeisk politik, d\u00e4r partier har gjort det under n\u00e5gon form av galge. Ibland har det fungerat j\u00e4tted\u00e5ligt, ibland lite halvd\u00e5ligt, s\u00e4ger Hinnfors.<\/p>\n<p class=\"hyperion-css-1v9qo5x\">\u00c4ven Marie Demker konstaterar att ett s\u00e5dant scenario \u00e4r h\u00f6gst otroligt. <\/p>\n<p class=\"hyperion-css-1v9qo5x\">\u2013 Det \u00e4r alltid osannolikt i svensk politik och i s\u00e5 fall skulle vi beh\u00f6va befinna oss i n\u00e5gon typ av nationell kris eller ett mycket anstr\u00e4ngt s\u00e4kerhetspolitiskt l\u00e4ge. <\/p>\n<p class=\"hyperion-css-1v9qo5x\">\u2013 Men som sagt, det \u00e4r m\u00e5nga sanningar som med \u00e5ren har f\u00e5tt ges p\u00e5 b\u00e5ten i politiken.<\/p>\n<p>expand-left<\/p>\n<p>helsk\u00e4rm<img decoding=\"async\" class=\"image-asset hyperion-css-u06ts1\" data-test-tag=\"image-asset\" src=\"https:\/\/www.europesays.com\/se\/wp-content\/uploads\/2025\/10\/5e775d9f-ea94-494b-82e2-53dada011add\"  alt=\"\"  loading=\"eager\" fetchpriority=\"high\" style=\"aspect-ratio:1900 \/ 1267\"\/> Foto: Ninni Andersson\/Regeringskansliet \/ Stella<\/p>\n","protected":false},"excerpt":{"rendered":"share-arrowDela unsaveSpara expand-left helsk\u00e4rmUlf Kristersson (M) har bjudit hem partiledarna i Tid\u00f6samarbetet f\u00f6r att diskutera den politiska framtiden.&hellip;\n","protected":false},"author":2,"featured_media":66552,"comment_status":"","ping_status":"","sticky":false,"template":"","format":"standard","meta":{"footnotes":""},"categories":[5],"tags":[22,23,26,27,17,21,24,25,28,29,15,16,18,34,31,33,32,30,19,20],"class_list":{"0":"post-66551","1":"post","2":"type-post","3":"status-publish","4":"format-standard","5":"has-post-thumbnail","7":"category-rubriker","8":"tag-breaking-news","9":"tag-breakingnews","10":"tag-featured-news","11":"tag-featurednews","12":"tag-headlines","13":"tag-huvudnyheter","14":"tag-latest-news","15":"tag-latestnews","16":"tag-main-news","17":"tag-mainnews","18":"tag-news","19":"tag-nyheter","20":"tag-rubriker","21":"tag-se","22":"tag-svenska","23":"tag-sverige","24":"tag-sweden","25":"tag-swedish","26":"tag-top-stories","27":"tag-topstories"},"share_on_mastodon":{"url":"https:\/\/pubeurope.com\/@se\/115452279828672959","error":""},"_links":{"self":[{"href":"https:\/\/www.europesays.com\/se\/wp-json\/wp\/v2\/posts\/66551","targetHints":{"allow":["GET"]}}],"collection":[{"href":"https:\/\/www.europesays.com\/se\/wp-json\/wp\/v2\/posts"}],"about":[{"href":"https:\/\/www.europesays.com\/se\/wp-json\/wp\/v2\/types\/post"}],"author":[{"embeddable":true,"href":"https:\/\/www.europesays.com\/se\/wp-json\/wp\/v2\/users\/2"}],"replies":[{"embeddable":true,"href":"https:\/\/www.europesays.com\/se\/wp-json\/wp\/v2\/comments?post=66551"}],"version-history":[{"count":0,"href":"https:\/\/www.europesays.com\/se\/wp-json\/wp\/v2\/posts\/66551\/revisions"}],"wp:featuredmedia":[{"embeddable":true,"href":"https:\/\/www.europesays.com\/se\/wp-json\/wp\/v2\/media\/66552"}],"wp:attachment":[{"href":"https:\/\/www.europesays.com\/se\/wp-json\/wp\/v2\/media?parent=66551"}],"wp:term":[{"taxonomy":"category","embeddable":true,"href":"https:\/\/www.europesays.com\/se\/wp-json\/wp\/v2\/categories?post=66551"},{"taxonomy":"post_tag","embeddable":true,"href":"https:\/\/www.europesays.com\/se\/wp-json\/wp\/v2\/tags?post=66551"}],"curies":[{"name":"wp","href":"https:\/\/api.w.org\/{rel}","templated":true}]}}