{"id":66556,"date":"2025-10-28T14:37:08","date_gmt":"2025-10-28T14:37:08","guid":{"rendered":"https:\/\/www.europesays.com\/se\/66556\/"},"modified":"2025-10-28T14:37:08","modified_gmt":"2025-10-28T14:37:08","slug":"svenske-rikard-om-orkanen-borjar-blasa-upp-riktigt-ordentligt","status":"publish","type":"post","link":"https:\/\/www.europesays.com\/se\/66556\/","title":{"rendered":"Svenske Rikard om orkanen: \u201dB\u00f6rjar bl\u00e5sa upp riktigt ordentligt\u201d"},"content":{"rendered":"<p>Rikard Svahn bor s\u00e5 l\u00e5ngt v\u00e4sterut man kan komma p\u00e5 \u00f6n, i Sheffield n\u00e4ra turistorten Negril.<\/p>\n<p>N\u00e4r SVT n\u00e5r honom p\u00e5 tisdagsmorgonen lokal tid befinner han sig tillsammans med sin fru och en v\u00e4n p\u00e5 nederv\u00e5ningen i huset. Det k\u00e4nns s\u00e4krast.<\/p>\n<p>\u2013 Jag \u00e4r mest orolig f\u00f6r taket. Det ska vara orkans\u00e4kert och jag hoppas att det \u00e4r det. <\/p>\n<p>\u201dVill inte l\u00e4mna huset\u201d<\/p>\n<p>Rikard Svahn delar tiden mellan Florida och Jamaica, och valde att stanna kvar p\u00e5 \u00f6n under ov\u00e4dret.<\/p>\n<p>\u2013 Vi ville inte l\u00e4mna huset och beslutade oss f\u00f6r att stanna. Vilket de allra flesta h\u00e4r g\u00f6r, de vill stanna i sina hus.<\/p>\n<p>De har bunkrat upp med mat och surrat fast l\u00f6sa f\u00f6rem\u00e5l. P\u00e5 tisdagsmorgonen hade vindarna tilltagit rej\u00e4lt i styrka. Det regnar inte s\u00e5 mycket i omr\u00e5det f\u00f6r tillf\u00e4llet.<\/p>\n<p>\u2013 Stormen kommer komma v\u00e4ldigt n\u00e4ra h\u00e4r, och nu b\u00f6rjar det bl\u00e5sa upp riktigt ordentligt. Vi f\u00e5r se hur det blir n\u00e4rmaste timmarna.<\/p>\n<p>UD: \u201dIaktta f\u00f6rsiktighet\u201d<\/p>\n<p>Svenska UD skriver till SVT att omkring 20 svenskar tros befinna sig p\u00e5 \u00f6n. Men uppgiften \u00e4r os\u00e4ker. UD uppmanar dem att iaktta f\u00f6rsiktighet och h\u00e5lla sig uppdaterade.<\/p>\n<p>Enligt Meteorologiska v\u00e4rldsorganisationen WMO v\u00e4ntas orkanen f\u00e5 \u201denorm inverkan\u201d, rapporterar TT.<\/p>\n<p>Vindarna \u00f6ver Jamaica v\u00e4ntas n\u00e5 upp till cirka 280 kilometer i timmen (77 meter per sekund), med vindbyar p\u00e5 upp till 350 kilometer i timmen (97 meter per sekund), s\u00e4ger Anne-Claire Fontan, WMO:s specialist p\u00e5 tropiska cykloner. Hon kallar Melissa f\u00f6r \u201d\u00e5rhundradets storm hittills f\u00f6r Jamaica\u201d.<\/p>\n<p>\u2013 Det inneb\u00e4r att det kommer att bli katastrofala \u00f6versv\u00e4mningar och m\u00e5nga jordskred.<\/p>\n","protected":false},"excerpt":{"rendered":"Rikard Svahn bor s\u00e5 l\u00e5ngt v\u00e4sterut man kan komma p\u00e5 \u00f6n, i Sheffield n\u00e4ra turistorten Negril. N\u00e4r SVT&hellip;\n","protected":false},"author":2,"featured_media":66557,"comment_status":"","ping_status":"","sticky":false,"template":"","format":"standard","meta":{"footnotes":""},"categories":[14],"tags":[22,23,26,27,17,21,24,25,28,29,15,16,18,34,31,33,32,30,19,20,51,52,53,54],"class_list":{"0":"post-66556","1":"post","2":"type-post","3":"status-publish","4":"format-standard","5":"has-post-thumbnail","7":"category-varlden","8":"tag-breaking-news","9":"tag-breakingnews","10":"tag-featured-news","11":"tag-featurednews","12":"tag-headlines","13":"tag-huvudnyheter","14":"tag-latest-news","15":"tag-latestnews","16":"tag-main-news","17":"tag-mainnews","18":"tag-news","19":"tag-nyheter","20":"tag-rubriker","21":"tag-se","22":"tag-svenska","23":"tag-sverige","24":"tag-sweden","25":"tag-swedish","26":"tag-top-stories","27":"tag-topstories","28":"tag-varlden","29":"tag-world","30":"tag-world-news","31":"tag-worldnews"},"share_on_mastodon":{"url":"https:\/\/pubeurope.com\/@se\/115452303306385119","error":""},"_links":{"self":[{"href":"https:\/\/www.europesays.com\/se\/wp-json\/wp\/v2\/posts\/66556","targetHints":{"allow":["GET"]}}],"collection":[{"href":"https:\/\/www.europesays.com\/se\/wp-json\/wp\/v2\/posts"}],"about":[{"href":"https:\/\/www.europesays.com\/se\/wp-json\/wp\/v2\/types\/post"}],"author":[{"embeddable":true,"href":"https:\/\/www.europesays.com\/se\/wp-json\/wp\/v2\/users\/2"}],"replies":[{"embeddable":true,"href":"https:\/\/www.europesays.com\/se\/wp-json\/wp\/v2\/comments?post=66556"}],"version-history":[{"count":0,"href":"https:\/\/www.europesays.com\/se\/wp-json\/wp\/v2\/posts\/66556\/revisions"}],"wp:featuredmedia":[{"embeddable":true,"href":"https:\/\/www.europesays.com\/se\/wp-json\/wp\/v2\/media\/66557"}],"wp:attachment":[{"href":"https:\/\/www.europesays.com\/se\/wp-json\/wp\/v2\/media?parent=66556"}],"wp:term":[{"taxonomy":"category","embeddable":true,"href":"https:\/\/www.europesays.com\/se\/wp-json\/wp\/v2\/categories?post=66556"},{"taxonomy":"post_tag","embeddable":true,"href":"https:\/\/www.europesays.com\/se\/wp-json\/wp\/v2\/tags?post=66556"}],"curies":[{"name":"wp","href":"https:\/\/api.w.org\/{rel}","templated":true}]}}