{"id":66589,"date":"2025-10-28T15:37:12","date_gmt":"2025-10-28T15:37:12","guid":{"rendered":"https:\/\/www.europesays.com\/se\/66589\/"},"modified":"2025-10-28T15:37:12","modified_gmt":"2025-10-28T15:37:12","slug":"blir-klubbens-nodlosning-man-far-tacka-sin-lyckliga-stjarna","status":"publish","type":"post","link":"https:\/\/www.europesays.com\/se\/66589\/","title":{"rendered":"Blir klubbens n\u00f6dl\u00f6sning: &#8221;Man f\u00e5r tacka sin lyckliga stj\u00e4rna&#8221;"},"content":{"rendered":"<p><strong><a href=\"https:\/\/hockeysverige.se\/spelare\/robin-christoffersson\/\" rel=\"nofollow noopener\" target=\"_blank\">Robin Christoffersson<\/a> kallas hem till <a href=\"https:\/\/hockeysverige.se\/klubb\/leksands-if\/\" rel=\"nofollow noopener\" target=\"_blank\">Leksand<\/a> p\u00e5 grund av <a href=\"https:\/\/hockeysverige.se\/spelare\/marcus-gidlof\/\" rel=\"nofollow noopener\" target=\"_blank\">Marcus Gidl\u00f6fs<\/a> skada \u2013 d\u00e5 agerar <a href=\"https:\/\/hockeysverige.se\/klubb\/vimmerby-hockey\/\" rel=\"nofollow noopener\" target=\"_blank\">Vimmerby<\/a>. Claes Endre, som vaktade kassen f\u00f6r klubben under fjol\u00e5rss\u00e4songen, tar plats i laguppst\u00e4llningen tills Christoffersson \u00e4r tillbaka.<br \/>\u2013 Som l\u00e4get \u00e4r nu passar det b\u00e5da parterna bra, s\u00e4ger Vimmerbys sportchef Pelle Johansson till <a href=\"https:\/\/www.vimmerbytidning.se\/sport\/ishockey\/artikel\/vh-malvakten-kallas-tillbaka-av-shl-laget-kanns-bra\/r0404pdl\" rel=\"nofollow noopener\" target=\"_blank\">Vimmerby Tidning<\/a>.<\/strong><\/p>\n<p><img loading=\"lazy\" decoding=\"async\" width=\"1024\" height=\"682\" src=\"https:\/\/www.europesays.com\/se\/wp-content\/uploads\/2025\/10\/claesendre4-1024x682.webp.webp\" alt=\"\" class=\"wp-image-277473\"  \/>Claes Endre \u00e5terv\u00e4nder till Vimmerby. Foto: Jonas Ljungdahl.<\/p>\n<p>Claes Endre fick inte f\u00f6rl\u00e4ngt kontrakt i Vimmerby efter fjol\u00e5rss\u00e4songen \u2013 trots det har han varit en del av laget i \u00e5r.<\/p>\n<p>29-\u00e5ringen har funnits med p\u00e5 avbytarb\u00e4nken vid fem tillf\u00e4llen, bland annat n\u00e4r Robin Christoffersson blev pappa, och nu f\u00e5r han chansen att visa upp sig i Hockeyallsvenskan \u00e5terigen. Endre ers\u00e4tter Robin Christoffersson som \u00e5terkallats till ett skadedrabbat Leksand. Vimmerbys <a href=\"https:\/\/hockeysverige.se\/spelare\/pontus-eltonius\/\" rel=\"nofollow noopener\" target=\"_blank\">Pontus Eltonius<\/a> f\u00e5r allts\u00e5 den rutinerade burv\u00e4ktaren som uppbackning fram tills Christoffersson \u00e5terv\u00e4nder.<\/p>\n<p>\u2013 Det blir samma l\u00f6sning som vi haft tidigare under s\u00e4songen n\u00e4r Robin varit borta, s\u00e4ger Vimmerbys sportchef Pelle Johansson till Vimmerby Tidning.<\/p>\n<p>Hur l\u00e4nge Claes Endre blir kvar i Vimmerby \u00e4r \u00e4nnu oklart, men att ha honom tillg\u00e4nglig vid s\u00e5na h\u00e4r tillf\u00e4llen \u00e4r lyxigt ber\u00e4ttar Pelle Johansson f\u00f6r tidningen.<\/p>\n<p>\u2013 Det f\u00e5r man s\u00e4ga. Man f\u00e5r tacka sin lyckliga stj\u00e4rna. Det kan givetvis komma att \u00e4ndras, Claes letar s\u00e5klart efter en permanent l\u00f6sning, men s\u00e5 som l\u00e4get \u00e4r nu passar det b\u00e5da parterna bra.<\/p>\n<p>29-\u00e5ringen har gjort 137 matcher i <a href=\"https:\/\/hockeysverige.se\/hockeyallsvenskan\/\" rel=\"nofollow noopener\" target=\"_blank\">Hockeyallsvenskan<\/a> och har en r\u00e4ddningsprocent p\u00e5 90,2 procent i ligan.<\/p>\n<p> Source: <a href=\"https:\/\/www.eliteprospects.com\/player\/177890\/claes-endre\" target=\"_blank\" rel=\"noopener noreferrer nofollow\">Claes Endre<\/a> @ Elite Prospects<\/p>\n","protected":false},"excerpt":{"rendered":"Robin Christoffersson kallas hem till Leksand p\u00e5 grund av Marcus Gidl\u00f6fs skada \u2013 d\u00e5 agerar Vimmerby. Claes Endre,&hellip;\n","protected":false},"author":2,"featured_media":66590,"comment_status":"","ping_status":"","sticky":false,"template":"","format":"standard","meta":{"footnotes":""},"categories":[68],"tags":[621,34,133,111,110,31,33,32,30],"class_list":{"0":"post-66589","1":"post","2":"type-post","3":"status-publish","4":"format-standard","5":"has-post-thumbnail","7":"category-sport","8":"tag-hockeyallsvenskan","9":"tag-se","10":"tag-second-news","11":"tag-sport","12":"tag-sports","13":"tag-svenska","14":"tag-sverige","15":"tag-sweden","16":"tag-swedish"},"share_on_mastodon":{"url":"https:\/\/pubeurope.com\/@se\/115452539322513415","error":""},"_links":{"self":[{"href":"https:\/\/www.europesays.com\/se\/wp-json\/wp\/v2\/posts\/66589","targetHints":{"allow":["GET"]}}],"collection":[{"href":"https:\/\/www.europesays.com\/se\/wp-json\/wp\/v2\/posts"}],"about":[{"href":"https:\/\/www.europesays.com\/se\/wp-json\/wp\/v2\/types\/post"}],"author":[{"embeddable":true,"href":"https:\/\/www.europesays.com\/se\/wp-json\/wp\/v2\/users\/2"}],"replies":[{"embeddable":true,"href":"https:\/\/www.europesays.com\/se\/wp-json\/wp\/v2\/comments?post=66589"}],"version-history":[{"count":0,"href":"https:\/\/www.europesays.com\/se\/wp-json\/wp\/v2\/posts\/66589\/revisions"}],"wp:featuredmedia":[{"embeddable":true,"href":"https:\/\/www.europesays.com\/se\/wp-json\/wp\/v2\/media\/66590"}],"wp:attachment":[{"href":"https:\/\/www.europesays.com\/se\/wp-json\/wp\/v2\/media?parent=66589"}],"wp:term":[{"taxonomy":"category","embeddable":true,"href":"https:\/\/www.europesays.com\/se\/wp-json\/wp\/v2\/categories?post=66589"},{"taxonomy":"post_tag","embeddable":true,"href":"https:\/\/www.europesays.com\/se\/wp-json\/wp\/v2\/tags?post=66589"}],"curies":[{"name":"wp","href":"https:\/\/api.w.org\/{rel}","templated":true}]}}