{"id":66593,"date":"2025-10-28T15:42:09","date_gmt":"2025-10-28T15:42:09","guid":{"rendered":"https:\/\/www.europesays.com\/se\/66593\/"},"modified":"2025-10-28T15:42:09","modified_gmt":"2025-10-28T15:42:09","slug":"tv4-profilens-invandning-hoppas-ga-fri-fran-sexkop","status":"publish","type":"post","link":"https:\/\/www.europesays.com\/se\/66593\/","title":{"rendered":"TV4-profilens inv\u00e4ndning \u2013 hoppas g\u00e5 fri fr\u00e5n sexk\u00f6p"},"content":{"rendered":"<p>Fredrik Sj\u00f6shult<\/p>\n<p>Publicerad 28 okt 2025 kl 13.13Uppdaterad kl 16.23<\/p>\n<p>TV4-profilen anklagas f\u00f6r att ha k\u00f6pt sex av en kvinna \u2013 och hon \u00e4r \u00e5klagarens enda vittne i den kommande r\u00e4tteg\u00e5ngen.<\/p>\n<p>Men hon har r\u00e4tt att v\u00e4gra vittna eftersom hon har \u201df\u00f6r\u00f6vat en van\u00e4rande handling\u201d.<\/p>\n<p>Den m\u00f6jligheten har hon utnyttjat tidigare i en r\u00e4tteg\u00e5ng mot en annan \u00e5talad sexk\u00f6pare \u2013 och det slutade med att han frik\u00e4ndes.<\/p>\n<p><img   alt=\"\"\/> <\/p>\n<p>Foto: Christine Olsson\/TT \/ TT NYHETSBYR\u00c5N<\/p>\n<p>\u00d6ppna bild i helsk\u00e4rm<\/p>\n<p>Detta \u00e4r en kommenterande text. Analys och st\u00e4llningstaganden \u00e4r skribentens.<\/p>\n<p><img   alt=\"\"\/>Fredrik Sj\u00f6shult<\/p>\n<p>Stockholmspolisens prostitutionsgrupp under ledning av inspekt\u00f6r Simon H\u00e4ggstr\u00f6m har en n\u00e4rmast unik f\u00f6rm\u00e5ga att f\u00e5 utsatta kvinnor inom prostitution att vittna mot sexk\u00f6pare. Eftersom det inte \u00e4r kriminaliserat att s\u00e4lja sex i Sverige har polisen m\u00f6jlighet att f\u00f6rh\u00f6ra kvinnor utan att de riskerar att avsl\u00f6ja egen brottslighet.<\/p>\n<p><strong>Polisen kan tack vare det nysta upp h\u00e4rvor av koppleri och m\u00e4nniskohandel.<\/strong><\/p>\n<p><strong>Men en prostituerad kvinna har m\u00f6jlighet att v\u00e4gra att vittna i en r\u00e4tteg\u00e5ng mot en sexk\u00f6pare.<\/strong><\/p>\n<p>R\u00e4tteg\u00e5ngsbalken medger att den som \u201dhar f\u00f6r\u00f6vat brottslig eller van\u00e4rande handling\u201d kan avst\u00e5 att yttra sig. I en lagkommentar h\u00e4nvisas till ett JO-avg\u00f6rande fr\u00e5n 1957 d\u00e4r det sl\u00e5s fast att prostitution kan vara en \u201dvan\u00e4rande handling\u201d.<\/p>\n<p>Det kan tyckas vara juridisk sten\u00e5lder men JO-avg\u00f6randet var aktuellt s\u00e5 sent som 2001 i ett fall som gick upp till H\u00f6gsta domstolen. D\u00e5 konstaterades att slutsatsen om \u201dvan\u00e4rande handling\u201d fortfarande var \u201db\u00e4rkraftig\u201d.<\/p>\n<p><strong>Det tar TV4-profilens f\u00f6rsvarsadvokat Henrik Olsson Lilja nu st\u00f6d i n\u00e4r han p\u00e5pekar att \u00e5klagarens huvudvittne \u2013 kvinnan som mannen misst\u00e4nks ha k\u00f6pt sex av \u2013 kan v\u00e4lja att inte uttala sig i en kommande r\u00e4tteg\u00e5ng.<\/strong><\/p>\n<p>Advokat Olsson Lilja vill att \u00e5klagaren innan huvudf\u00f6rhandlingen reder ut om kvinnan kommer att vittna. Han formulerar inte det rakt ut men underf\u00f6rst\u00e5tt menar han att \u00e5klagaren m\u00e5ste l\u00e4gga ned utredningen om det enda vittnet v\u00e4grar att uttala sig under ed i r\u00e4tten.<\/p>\n<p><strong>Och han f\u00e5r st\u00f6d fr\u00e5n en annan \u00e5klagare i ett annat m\u00e5l d\u00e4r samma kvinna inte ville vittna om ett sexk\u00f6p.<\/strong><\/p>\n<p>Kvinnan \u00e4r svensk och har varit aktuell i en utredning d\u00e4r hennes pojkv\u00e4n utreddes f\u00f6r koppleri under flera \u00e5rs tid. Den brottsmisstanken \u00e4r numera nedlagd men under utredningen hittades sp\u00e5r av 250 sexk\u00f6p.<\/p>\n<p>Flera av dem har nu resulterat i \u00e5tal i domstolar d\u00e4r kvinnan kallas som vittne.<\/p>\n<p>Ett av de f\u00f6rsta fallen lades dock ned i april 2024. Kvinnan kom inte till r\u00e4tteg\u00e5ngen och d\u00e4rf\u00f6r ringde \u00e5klagaren i det fallet upp henne. Han f\u00f6rklarade att hennes vittnesm\u00e5l skulle handla om att hon s\u00e5lt sex till en man. Kvinnan f\u00f6rklarade d\u00e5 att hon inte ville yttra sig.<\/p>\n<p>Det gjorde att \u00e5klagaren \u00e5terkallade henne som vittne och lade ner \u00e5talet eftersom han ans\u00e5g att han inte kunde f\u00f6rv\u00e4nta sig en f\u00e4llande dom mot mannen utan kvinnans vittnesm\u00e5l. Mannen blev ocks\u00e5 formellt frik\u00e4nd av tingsr\u00e4tten n\u00e4r fallet avslutades.<\/p>\n<p><img loading=\"lazy\"   alt=\"\"\/><\/p>\n<p>Attunda tingsr\u00e4tt<\/p>\n<p>Foto: Christine Olsson\/TT \/ TT NYHETSBYR\u00c5N<\/p>\n<p>\u00d6ppna bild i helsk\u00e4rm<\/p>\n<p>Utredningen om <a href=\"https:\/\/www.expressen.se\/tagg\/organization\/tv4\/\" class=\"\" rel=\"nofollow noopener\" target=\"_blank\">TV4<\/a>-profilens misst\u00e4nkta sexk\u00f6p handl\u00e4ggs av en annan \u00e5klagare. Advokat Henrik Olsson Lilja har skickat in all information som han f\u00e5tt av den f\u00f6rsta \u00e5klagaren om beslutet att \u00e5terkalla kvinnan som vittne till den nu aktuella \u00e5klagaren.<\/p>\n<p>Advokaten har ocks\u00e5 p\u00e5pekat att kvinnan kan ha r\u00e4tt att inte yttra sig i r\u00e4tten om det inneb\u00e4r att hon avsl\u00f6jar en n\u00e4rst\u00e5endes brottslighet. Han syftar d\u00e5 p\u00e5 kopplerimisstankarna som tidigare riktats mot hennes pojkv\u00e4n.<\/p>\n<p><strong>Fr\u00e5gan om kvinnans vilja att vittna \u00e4r obesvarad inf\u00f6r den t\u00e4nkta huvudf\u00f6rhandlingen i Attunda tingsr\u00e4tt i b\u00f6rjan av n\u00e4sta \u00e5r.<\/strong><\/p>\n<p>V\u00e4grar hon att vittna skulle \u00e5klagarens bevisl\u00e4ge f\u00f6rs\u00e4mras men \u00e5klagaren har \u00e4nd\u00e5 m\u00f6jlighet att i en r\u00e4tteg\u00e5ng h\u00e4nvisa till polisf\u00f6rh\u00f6ret med henne och den skriftliga bevisningen. D\u00e4r framg\u00e5r bland annat att TV4-profilen tog ut kontanter vid tidpunkten f\u00f6r det misst\u00e4nkta sexk\u00f6pet och att kvinnan i sin telefonbok noterat att han \u201dknullade l\u00e4nge\u201d.<\/p>\n<p>Om \u00e5klagaren v\u00e4ljer att l\u00e4gga ned \u00e5talet st\u00e4lls r\u00e4tteg\u00e5ngen in. Det skulle inneb\u00e4ra att mannen inte l\u00e4ngre har m\u00f6jlighet att bli frik\u00e4nd fr\u00e5n anklagelserna efter en riktig huvudf\u00f6rhandling i tingsr\u00e4tten.<\/p>\n<p><strong>L\u00c4S MER: <\/strong><a href=\"https:\/\/www.expressen.se\/noje\/sexkopsharvan-som-ledde-till-tv4-profilen\/\" class=\"\" rel=\"nofollow noopener\" target=\"_blank\">Sexk\u00f6psh\u00e4rvan som ledde till TV4-profilen<\/a><\/p>\n","protected":false},"excerpt":{"rendered":"Fredrik Sj\u00f6shult Publicerad 28 okt 2025 kl 13.13Uppdaterad kl 16.23 TV4-profilen anklagas f\u00f6r att ha k\u00f6pt sex av&hellip;\n","protected":false},"author":2,"featured_media":66594,"comment_status":"","ping_status":"","sticky":false,"template":"","format":"standard","meta":{"footnotes":""},"categories":[12],"tags":[22,23,26,27,17,21,24,25,28,29,15,16,384,18,34,1419,31,33,32,30,19,136,20],"class_list":{"0":"post-66593","1":"post","2":"type-post","3":"status-publish","4":"format-standard","5":"has-post-thumbnail","7":"category-sverige","8":"tag-breaking-news","9":"tag-breakingnews","10":"tag-featured-news","11":"tag-featurednews","12":"tag-headlines","13":"tag-huvudnyheter","14":"tag-latest-news","15":"tag-latestnews","16":"tag-main-news","17":"tag-mainnews","18":"tag-news","19":"tag-nyheter","20":"tag-organization-tv4","21":"tag-rubriker","22":"tag-se","23":"tag-sections-fredriksjoshult","24":"tag-svenska","25":"tag-sverige","26":"tag-sweden","27":"tag-swedish","28":"tag-top-stories","29":"tag-topic-rattegangar-domar","30":"tag-topstories"},"share_on_mastodon":{"url":"https:\/\/pubeurope.com\/@se\/115452559041618233","error":""},"_links":{"self":[{"href":"https:\/\/www.europesays.com\/se\/wp-json\/wp\/v2\/posts\/66593","targetHints":{"allow":["GET"]}}],"collection":[{"href":"https:\/\/www.europesays.com\/se\/wp-json\/wp\/v2\/posts"}],"about":[{"href":"https:\/\/www.europesays.com\/se\/wp-json\/wp\/v2\/types\/post"}],"author":[{"embeddable":true,"href":"https:\/\/www.europesays.com\/se\/wp-json\/wp\/v2\/users\/2"}],"replies":[{"embeddable":true,"href":"https:\/\/www.europesays.com\/se\/wp-json\/wp\/v2\/comments?post=66593"}],"version-history":[{"count":0,"href":"https:\/\/www.europesays.com\/se\/wp-json\/wp\/v2\/posts\/66593\/revisions"}],"wp:featuredmedia":[{"embeddable":true,"href":"https:\/\/www.europesays.com\/se\/wp-json\/wp\/v2\/media\/66594"}],"wp:attachment":[{"href":"https:\/\/www.europesays.com\/se\/wp-json\/wp\/v2\/media?parent=66593"}],"wp:term":[{"taxonomy":"category","embeddable":true,"href":"https:\/\/www.europesays.com\/se\/wp-json\/wp\/v2\/categories?post=66593"},{"taxonomy":"post_tag","embeddable":true,"href":"https:\/\/www.europesays.com\/se\/wp-json\/wp\/v2\/tags?post=66593"}],"curies":[{"name":"wp","href":"https:\/\/api.w.org\/{rel}","templated":true}]}}