{"id":66608,"date":"2025-10-28T15:58:16","date_gmt":"2025-10-28T15:58:16","guid":{"rendered":"https:\/\/www.europesays.com\/se\/66608\/"},"modified":"2025-10-28T15:58:16","modified_gmt":"2025-10-28T15:58:16","slug":"darfor-slappte-vi-forslaget-om-hyresratter","status":"publish","type":"post","link":"https:\/\/www.europesays.com\/se\/66608\/","title":{"rendered":"D\u00e4rf\u00f6r sl\u00e4ppte vi f\u00f6rslaget om hyresr\u00e4tter"},"content":{"rendered":"<p><a class=\"wing-tag\" href=\"https:\/\/www.expressen.se\/om\/val-2026\/\" rel=\"nofollow noopener\" target=\"_blank\">Val 2026<\/a><\/p>\n<p>Publicerad 28 okt 2025 kl 07.00Uppdaterad kl 14.58<\/p>\n<p>S anklagas f\u00f6r att vilja \u201dtv\u00e5ngsblanda\u201d befolkningen.<\/p>\n<p>Ett tecken p\u00e5 att motst\u00e5ndarsidan f\u00e5tt panik, menar S-toppen Lawen Redar.<\/p>\n<p>Men hon medger att partiet backat fr\u00e5n f\u00f6rslag om fler hyresr\u00e4tter i rika omr\u00e5den.<\/p>\n<p>\u2013 Det viktigaste att l\u00e4gga resurser p\u00e5 \u00e4r att lyfta de utsatta omr\u00e5dena, s\u00e4ger hon i <a href=\"https:\/\/efn.se\/play\/lawen-redar-jag-vill-avskaffa-utsatta-omraden-i-vart-land\" rel=\"nofollow noopener\" target=\"_blank\">EFN:s \u201dExklusivt med Hedenmo\u201d<\/a>.<\/p>\n<p>Senaste nyhetsklippen fr\u00e5n Expressen.<img   alt=\"\"\/><\/p>\n<p>Lawen Redar \u00e4r Socialdemokraternas integrationspolitiska talesperson.<\/p>\n<p>Foto: Jakob \u00c5kersten Brod\u00e9n\/TT<\/p>\n<p>\u00d6ppna bild i helsk\u00e4rm<img loading=\"lazy\"   alt=\"\"\/><\/p>\n<p>Statsminister UIf Kristerssontog avst\u00e5nd fr\u00e5n \u201dtv\u00e5ngsblandning\u201d\u00a0i sitt tal p\u00e5 helgens M-st\u00e4mma.<\/p>\n<p>Foto: SVEN LINDWALL<\/p>\n<p>\u00d6ppna bild i helsk\u00e4rm<\/p>\n<p>F\u00f6r en b\u00e4ttre integration beh\u00f6ver bostadsomr\u00e5den best\u00e5 av m\u00e4nniskor med olika bakgrund.<\/p>\n<p>Det menar <a href=\"https:\/\/www.expressen.se\/tagg\/organization\/socialdemokraterna\/\" class=\"\" rel=\"nofollow noopener\" target=\"_blank\">Socialdemokraterna<\/a> som p\u00e5 sin kongress tidigare i \u00e5r tog beslut om flera f\u00f6rslag p\u00e5 omr\u00e5det, till exempel att stoppa nyanl\u00e4nda fr\u00e5n att bo i utsatta omr\u00e5den.<\/p>\n<p>\u2013 Det \u00e4r viktigt utifr\u00e5n ett socioekonomiskt perspektiv att f\u00e5 blandning, sa S-toppen Jonas Attenius till <a href=\"https:\/\/www.aftonbladet.se\/nyheter\/a\/Eyrlwa\/s-mal-blanda-befolkningen\" rel=\"nofollow noopener\" target=\"_blank\">Aftonbladet<\/a>.<\/p>\n<p>Det har f\u00e5tt h\u00e5rd kritik fr\u00e5n motst\u00e5ndarsidan som h\u00e4vdar att Socialdemokraterna vill \u201dtv\u00e5ngsblanda\u201d befolkningen.<\/p>\n<p>SD-ledaren Jimmie \u00c5kesson har slagit fast att hans parti \u201dbl\u00e5ser till full strid\u201d och b\u00e5de statsminister Ulf Kristersson och finansminister Elisabeth Svantesson tog upp saken i sina tal p\u00e5 helgens M-st\u00e4mma.<\/p>\n<p>\u2013 Vad som inte \u00e4r frihet \u00e4r att tv\u00e5ngsblanda m\u00e4nniskor. D\u00e4rf\u00f6r s\u00e4ger vi nej till Socialdemokraternas f\u00f6rslag om att sl\u00e5 upp miljonprogram i villaomr\u00e5den, sa Svantesson.<\/p>\n<p>\u201dFick panik\u201d<\/p>\n<p>Socialdemokraternas integrationspolitiska talesperson Lawen Redar avf\u00e4rdar kritiken.<\/p>\n<p>\u2013 Moderaterna och meningsmotst\u00e5ndarna fick panik n\u00e4r vi b\u00f6rjade formera en integrationspolitik. De uppt\u00e4ckte ju r\u00e4tt sj\u00e4lva att de hade ingen, s\u00e4ger hon till Anna Hedenmo i <a href=\"https:\/\/efn.se\/play\/lawen-redar-jag-vill-avskaffa-utsatta-omraden-i-vart-land\" rel=\"nofollow noopener\" target=\"_blank\">EFN<\/a>.\u00a0<\/p>\n<p>D\u00e4remot medger hon att f\u00f6rslag som tidigare lades fram har strukits.<\/p>\n<p>Den arbetsgrupp som Lawen Redar ledde ville bland annat se statliga kredtigarantier eller investeringsst\u00f6d f\u00f6r att bygga billiga hyresr\u00e4tter i rika omr\u00e5den.<\/p>\n<p>De f\u00f6rslagen n\u00e5dde dock aldrig fram till partiets kongress. Enligt henne var det en fr\u00e5ga om att prioritera var resurserna ska l\u00e4ggas.<\/p>\n<p>\u2013 D\u00e4rf\u00f6r att man sa att f\u00f6r att r\u00e5da bot p\u00e5 de integrationsutmaningar vi har s\u00e5 m\u00e5ste vi fokusera p\u00e5 de utsatta omr\u00e5dens f\u00f6rb\u00e4ttring och f\u00f6rst\u00e4rkning, s\u00e4ger Lawen Redar i EFN.<\/p>\n<p><strong>EFN: Ni sl\u00e4ppte delen som g\u00e4llde hyresr\u00e4tter?<\/strong><\/p>\n<p>\u2013 Ja, det gjorde vi. Vi menar att det viktigaste att l\u00e4gga resurser p\u00e5 \u00e4r att lyfta de utsatta omr\u00e5dena. Och bara f\u00f6r att f\u00f6rtydliga, n\u00e4r man bygger nytt s\u00e5 \u00e4r ju inte en ambition fr\u00e5n v\u00e5r sida att skapa f\u00f6rs\u00e4mringar i bostadsomr\u00e5den.<\/p>\n<p><strong>L\u00c4S MER: <\/strong><a href=\"https:\/\/www.expressen.se\/nyheter\/sverige\/dousas-kritik-pa-s-extrem-socialism\/\" class=\"\" rel=\"nofollow noopener\" target=\"_blank\">Kritik mot S efter f\u00f6rslag om att blanda befolkningen<\/a><strong>L\u00c4S MER: <\/strong><a href=\"https:\/\/www.expressen.se\/nyheter\/sverige\/s-anklagas-for-tvang-slar-tillbaka-lugna-er\/\" class=\"\" rel=\"nofollow noopener\" target=\"_blank\">S anklagas f\u00f6r tv\u00e5ng \u2013 sl\u00e5r tillbaka: Lugna er<\/a><strong>L\u00c4S MER: <\/strong><a href=\"https:\/\/www.expressen.se\/nyheter\/politik\/lawen-redar-sd-foreslog-tvangsblandning-2022\/\" class=\"\" rel=\"nofollow noopener\" target=\"_blank\">Lawen Redar: SD f\u00f6reslog tv\u00e5ngsblandning 2022<\/a><\/p>\n","protected":false},"excerpt":{"rendered":"Val 2026 Publicerad 28 okt 2025 kl 07.00Uppdaterad kl 14.58 S anklagas f\u00f6r att vilja \u201dtv\u00e5ngsblanda\u201d befolkningen. Ett&hellip;\n","protected":false},"author":2,"featured_media":66609,"comment_status":"","ping_status":"","sticky":false,"template":"","format":"standard","meta":{"footnotes":""},"categories":[12],"tags":[22,23,26,27,17,21,24,25,28,29,15,3464,16,1458,2182,18,34,583,31,33,32,30,19,750,152,740,20],"class_list":{"0":"post-66608","1":"post","2":"type-post","3":"status-publish","4":"format-standard","5":"has-post-thumbnail","7":"category-sverige","8":"tag-breaking-news","9":"tag-breakingnews","10":"tag-featured-news","11":"tag-featurednews","12":"tag-headlines","13":"tag-huvudnyheter","14":"tag-latest-news","15":"tag-latestnews","16":"tag-main-news","17":"tag-mainnews","18":"tag-news","19":"tag-newsstory-val-2026","20":"tag-nyheter","21":"tag-organization-socialdemokraterna","22":"tag-person-lawen-redar","23":"tag-rubriker","24":"tag-se","25":"tag-sections-politik","26":"tag-svenska","27":"tag-sverige","28":"tag-sweden","29":"tag-swedish","30":"tag-top-stories","31":"tag-topic-bostadspolitik","32":"tag-topic-inrikespolitik","33":"tag-topic-migration-integration","34":"tag-topstories"},"share_on_mastodon":{"url":"https:\/\/pubeurope.com\/@se\/115452622061422691","error":""},"_links":{"self":[{"href":"https:\/\/www.europesays.com\/se\/wp-json\/wp\/v2\/posts\/66608","targetHints":{"allow":["GET"]}}],"collection":[{"href":"https:\/\/www.europesays.com\/se\/wp-json\/wp\/v2\/posts"}],"about":[{"href":"https:\/\/www.europesays.com\/se\/wp-json\/wp\/v2\/types\/post"}],"author":[{"embeddable":true,"href":"https:\/\/www.europesays.com\/se\/wp-json\/wp\/v2\/users\/2"}],"replies":[{"embeddable":true,"href":"https:\/\/www.europesays.com\/se\/wp-json\/wp\/v2\/comments?post=66608"}],"version-history":[{"count":0,"href":"https:\/\/www.europesays.com\/se\/wp-json\/wp\/v2\/posts\/66608\/revisions"}],"wp:featuredmedia":[{"embeddable":true,"href":"https:\/\/www.europesays.com\/se\/wp-json\/wp\/v2\/media\/66609"}],"wp:attachment":[{"href":"https:\/\/www.europesays.com\/se\/wp-json\/wp\/v2\/media?parent=66608"}],"wp:term":[{"taxonomy":"category","embeddable":true,"href":"https:\/\/www.europesays.com\/se\/wp-json\/wp\/v2\/categories?post=66608"},{"taxonomy":"post_tag","embeddable":true,"href":"https:\/\/www.europesays.com\/se\/wp-json\/wp\/v2\/tags?post=66608"}],"curies":[{"name":"wp","href":"https:\/\/api.w.org\/{rel}","templated":true}]}}