{"id":66621,"date":"2025-10-28T16:15:33","date_gmt":"2025-10-28T16:15:33","guid":{"rendered":"https:\/\/www.europesays.com\/se\/66621\/"},"modified":"2025-10-28T16:15:33","modified_gmt":"2025-10-28T16:15:33","slug":"sd-kopplat-fackforbund-samverkan","status":"publish","type":"post","link":"https:\/\/www.europesays.com\/se\/66621\/","title":{"rendered":"SD-kopplat fackf\u00f6rbund Samverkan"},"content":{"rendered":"<p>Publicerad 28 okt 2025 kl 13.09<\/p>\n<p>IF Metall ser ut att snuvas p\u00e5 ett kollektivavtal med ett Bor\u00e5sf\u00f6retag.<\/p>\n<p>De v\u00e4ntas i st\u00e4llet v\u00e4lja ett nystartat fackf\u00f6rbund, d\u00e4r SD:s kommunalr\u00e5d Andreas Exner \u00e4r ordf\u00f6rande.<\/p>\n<p>Bolaget drivs av hans partikollega och parh\u00e4st, rapporterar <a href=\"https:\/\/www.arbetsvarlden.se\/nya-sd-stodda-facket-ska-teckna-avtal-med-sd-foretagare\/\" rel=\"nofollow noopener\" target=\"_blank\">Arbetsv\u00e4rlden<\/a>.<\/p>\n<p><img   alt=\"\"\/><\/p>\n<p>SD:s kommunalr\u00e5d i Bor\u00e5s Andreas Exner.<\/p>\n<p>Foto: PELLE T NILSSON \/ SPA | SWEDISH PRESS AGENCY<\/p>\n<p>\u00d6ppna bild i helsk\u00e4rm<\/p>\n<p>I b\u00f6rjan av \u00e5ret bokade IF Metalls lokala ombudsman ett m\u00f6te med Instant Systems i Bor\u00e5s \u2013 ett f\u00f6retag som utvecklar varuautomater. Syftet var att f\u00f6rs\u00f6ka teckna ett kollektivavtal, vilket de anst\u00e4llda i dag saknar, skriver Arbetsv\u00e4rlden.<\/p>\n<p>En dryg m\u00e5nad senare, i mars, samlades en grupp i staden och bildade fackf\u00f6rbundet Samverkan. Minst \u00e5tta anst\u00e4llda fr\u00e5n Instant Systems deltog i m\u00f6tet, d\u00e4r man ocks\u00e5 skrev stadgar f\u00f6r en politiskt oberoende och rikst\u00e4ckande organisation.<\/p>\n<p>Artikeln i korthet<\/p>\n<p>\u2022 Ett nystartat SD-kopplat fackf\u00f6rbund ser ut att snuva IF Metall p\u00e5 ett kollektivavtal hos Instant Systems i Bor\u00e5s.<\/p>\n<p>\u2022 Bolaget drivs av en SD-politiker och facket f\u00f6rhandlar nu om avtal.<\/p>\n<p>\u2022 I stadgarna st\u00e5r \u201dalla m\u00e4nniskors lika m\u00f6jlighet\u201d i st\u00e4llet f\u00f6r \u201dalla m\u00e4nniskors lika v\u00e4rde\u201d, som brukar anv\u00e4ndas.<\/p>\n<p>Visa merFlera SD-politiker fick uppdrag inom facket<\/p>\n<p>Men vid bordet satt fyra personer som alla \u00e4r lokalpolitiker f\u00f6r <a href=\"https:\/\/www.expressen.se\/tagg\/organization\/sverigedemokraterna\/\" class=\"\" rel=\"nofollow noopener\" target=\"_blank\">Sverigedemokraterna<\/a>. En av dem var partiets kommunalr\u00e5d i Bor\u00e5s, Andreas Exner, som valdes till styrelseordf\u00f6rande f\u00f6r det nybildade facket. De \u00f6vriga tre fick ocks\u00e5 varsitt f\u00f6rtroendeuppdrag, med tv\u00e5 platser i valberedningen och en som styrelsesuppleant.<\/p>\n<p>\u2013 Det \u00e4r helt enkelt f\u00f6r att vi har v\u00e4ldigt m\u00e5nga arbetstagare som inte har tidigare f\u00f6reningslivserfarenhet. Och h\u00e4r har ju vi [SD-politikerna] varit de behj\u00e4lpliga att kunna starta arbetet. Men det \u00e4r ingen av oss som har ambition att vara en del av organisationen n\u00e4r de v\u00e4l \u00e4r stadgade, s\u00e4ger Exner till tidningen.<\/p>\n<p>I stadgarna kan man ocks\u00e5 l\u00e4sa en formulering om \u201dalla m\u00e4nniskors lika m\u00f6jlighet\u201d, i st\u00e4llet f\u00f6r \u201dalla m\u00e4nniskors lika v\u00e4rde\u201d som de flesta fackf\u00f6rbund anv\u00e4nder. Medlemmarna tyckte att den senare formuleringen var f\u00f6r politiskt laddad, uppger Exner f\u00f6r Arbetsv\u00e4rlden.<\/p>\n<p>Bolaget drivs av SD-topp<\/p>\n<p>Nu har Samverkan inlett samtal om att teckna kollektivavtal p\u00e5 Instant Systems. P\u00e5 arbetsgivarsidan sitter Kristian Silbvers, ledamot i SD:s partistyrelse nationellt och parh\u00e4st till Exner i sin roll som vice ordf\u00f6rande f\u00f6r partiet i Sjuh\u00e4rad.<\/p>\n<p>Exner s\u00e4ger till Arbetsv\u00e4rlden att han kommer vara helt oberoende i f\u00f6rhandlingarna med f\u00f6retagsledningen. Fackets vice ordf\u00f6rande Andreas Persson har ingen koppling till SD och ser heller inga problem med kopplingarna till partiet.<\/p>\n<p>\u2013 Eftersom resten av styrelsen inte \u00e4r politiskt aktiva s\u00e5 f\u00e5r vi se till att det inte blir n\u00e5gon politisk inblandning. Efterf\u00f6ljs det inte f\u00e5r vi g\u00f6ra om organisationen. Som jag sett det hittills finns det ingen anledning till tvivel, s\u00e4ger han till tidningen.<\/p>\n","protected":false},"excerpt":{"rendered":"Publicerad 28 okt 2025 kl 13.09 IF Metall ser ut att snuvas p\u00e5 ett kollektivavtal med ett Bor\u00e5sf\u00f6retag.&hellip;\n","protected":false},"author":2,"featured_media":66622,"comment_status":"","ping_status":"","sticky":false,"template":"","format":"standard","meta":{"footnotes":""},"categories":[5],"tags":[22,23,26,27,17,21,24,25,1498,28,29,15,16,2374,38,18,34,154,31,33,32,30,19,20],"class_list":{"0":"post-66621","1":"post","2":"type-post","3":"status-publish","4":"format-standard","5":"has-post-thumbnail","7":"category-rubriker","8":"tag-breaking-news","9":"tag-breakingnews","10":"tag-featured-news","11":"tag-featurednews","12":"tag-headlines","13":"tag-huvudnyheter","14":"tag-latest-news","15":"tag-latestnews","16":"tag-location-boras","17":"tag-main-news","18":"tag-mainnews","19":"tag-news","20":"tag-nyheter","21":"tag-organization-if-metall","22":"tag-organization-sverigedemokraterna","23":"tag-rubriker","24":"tag-se","25":"tag-sections-sverige","26":"tag-svenska","27":"tag-sverige","28":"tag-sweden","29":"tag-swedish","30":"tag-top-stories","31":"tag-topstories"},"share_on_mastodon":{"url":"https:\/\/pubeurope.com\/@se\/115452688673824922","error":""},"_links":{"self":[{"href":"https:\/\/www.europesays.com\/se\/wp-json\/wp\/v2\/posts\/66621","targetHints":{"allow":["GET"]}}],"collection":[{"href":"https:\/\/www.europesays.com\/se\/wp-json\/wp\/v2\/posts"}],"about":[{"href":"https:\/\/www.europesays.com\/se\/wp-json\/wp\/v2\/types\/post"}],"author":[{"embeddable":true,"href":"https:\/\/www.europesays.com\/se\/wp-json\/wp\/v2\/users\/2"}],"replies":[{"embeddable":true,"href":"https:\/\/www.europesays.com\/se\/wp-json\/wp\/v2\/comments?post=66621"}],"version-history":[{"count":0,"href":"https:\/\/www.europesays.com\/se\/wp-json\/wp\/v2\/posts\/66621\/revisions"}],"wp:featuredmedia":[{"embeddable":true,"href":"https:\/\/www.europesays.com\/se\/wp-json\/wp\/v2\/media\/66622"}],"wp:attachment":[{"href":"https:\/\/www.europesays.com\/se\/wp-json\/wp\/v2\/media?parent=66621"}],"wp:term":[{"taxonomy":"category","embeddable":true,"href":"https:\/\/www.europesays.com\/se\/wp-json\/wp\/v2\/categories?post=66621"},{"taxonomy":"post_tag","embeddable":true,"href":"https:\/\/www.europesays.com\/se\/wp-json\/wp\/v2\/tags?post=66621"}],"curies":[{"name":"wp","href":"https:\/\/api.w.org\/{rel}","templated":true}]}}