{"id":66625,"date":"2025-10-28T16:23:28","date_gmt":"2025-10-28T16:23:28","guid":{"rendered":"https:\/\/www.europesays.com\/se\/66625\/"},"modified":"2025-10-28T16:23:28","modified_gmt":"2025-10-28T16:23:28","slug":"amin-boudri-hemma-i-hasselby-gillar-att-steppa-upp","status":"publish","type":"post","link":"https:\/\/www.europesays.com\/se\/66625\/","title":{"rendered":"Amin Boudri hemma i H\u00e4sselby: &#8221;Gillar att steppa upp&#8221;"},"content":{"rendered":"<p><strong>H\u00c4SSELBY. <a href=\"https:\/\/fotbolldirekt.se\/spelare\/amin-boudri\/\" rel=\"nofollow noopener\" target=\"_blank\">Amin Boudri<\/a>, 21, var avst\u00e4ngd mot BP.<br \/>Nu har han tv\u00e5 matcher p\u00e5 sig att bjuda p\u00e5 show.<br \/>\u2013\u00a0N\u00e4r det blir lite press och s\u00e5nt, d\u00e5 gillar jag att steppa upp, s\u00e4ger Gais-stj\u00e4rnan till FotbollDirekt.<\/strong><\/p>\n<p><img loading=\"lazy\" decoding=\"async\" width=\"1024\" height=\"576\" src=\"https:\/\/www.europesays.com\/se\/wp-content\/uploads\/2025\/10\/boudri-7-1024x576.jpg\" alt=\"\" class=\"wp-image-334182\"  \/>Foto: Bildbyr\u00e5n\/FotbollDirekt<\/p>\n<p>N\u00e4r <a href=\"https:\/\/fotbolldirekt.se\/klubb\/gais\/\" rel=\"nofollow noopener\" target=\"_blank\">Gais<\/a> tog ett j\u00e4ttekliv mot Europa-spel till n\u00e4sta s\u00e4song efter <a href=\"https:\/\/fotbolldirekt.se\/allsvenskan\/just-nu-gais-stormar-mot-europa-vann-i-stockholm\/\" rel=\"nofollow noopener\" target=\"_blank\">segern mot BP i g\u00e5r<\/a>, m\u00e5ndag, saknades en av succ\u00e9g\u00e4ngets st\u00f6rsta stj\u00e4rnor fr\u00e5n planen. I st\u00e4llet hittades han p\u00e5 l\u00e4ktarplats, jublande tillsammans med de tillresta supportrarna.<\/p>\n<p><strong>\u2714\ufe0f L\u00e4s ocks\u00e5: <a href=\"https:\/\/fotbolldirekt.se\/allsvenskan\/bildextra-har-dyker-boudri-upp-i-gais-klacken\/\" rel=\"nofollow noopener\" target=\"_blank\">H\u00e4r dyker Boudri upp i Gais-klacken<\/a>!<\/strong><\/p>\n<p><img loading=\"lazy\" decoding=\"async\" width=\"1024\" height=\"576\" src=\"https:\/\/www.europesays.com\/se\/wp-content\/uploads\/2025\/10\/boudri-5-1024x576.jpg\" alt=\"251027 GAIS Amin Boudri p\u00e5 l\u00e4ktaren inf\u00f6r fotbollsmatchen i Allsvenskan mellan Brommapojkarna och GAIS den 27 oktober 2025 i Stockholm.&#10;\" class=\"wp-image-334143\"  \/>Amin Boudri. Foto: Bildbyr\u00e5n<\/p>\n<p>21-\u00e5riga A<strong>min Boudri<\/strong> var n\u00e4mligen avst\u00e4ngd i matchen och valde att f\u00f6lja Gais fr\u00e5n st\u00e5plats. Men innan dess hade genombrottsspelaren passat p\u00e5 att bes\u00f6ka sina hemtrakter; H\u00e4sselby i v\u00e4stra Stockholm. D\u00e5 tog FotbollDirekt rygg p\u00e5 succ\u00e9mittf\u00e4ltaren.<\/p>\n<p><strong>Du har tv\u00e5 matcher att bjuda p\u00e5 show innan allsvenskan \u00e4r \u00f6ver. \u00c4r det d\u00e5 du v\u00e4xlar upp ytterligare.<br \/><\/strong>\u2013 Det luktar s\u00e5. Vi kommer att ha mycket att spela f\u00f6r. Du vet, n\u00e4r det blir lite press och s\u00e5nt, d\u00e5 gillar jag att steppa upp. Det ser ljust ut, s\u00e4ger Boudri.<\/p>\n<p>F\u00f6r Gais kr\u00e4vs det en seger mot bottenlaget \u00d6ster i n\u00e4sta omg\u00e5ng f\u00f6r att s\u00e4kra tredjeplatsen, och d\u00e4rmed spel i Europa till n\u00e4sta s\u00e4song.<\/p>\n<p>\u2013 Ingenting \u00e4r l\u00e4tt! Inget lag i allsvenskan \u00e4r l\u00e4tt. De har sina motiv.<\/p>\n<p><strong>Det kanske \u00e4r en mardr\u00f6m?<br \/><\/strong>\u2013 Haha! Ingenting \u00e4r mardr\u00f6m, s\u00e4ger han och forts\u00e4tter:<br \/>\u2013 Man ska vara lite \u00f6dmjuk. Bara veta att man \u00e4r bra, och sen k\u00f6r man. Ingenting annat. Resten \u00e4r skitsnack.<\/p>\n<p><strong>\u2714\ufe0f En l\u00e4ngre intervju med Amin Boudri kommer inom kort!<\/strong><\/p>\n","protected":false},"excerpt":{"rendered":"H\u00c4SSELBY. Amin Boudri, 21, var avst\u00e4ngd mot BP.Nu har han tv\u00e5 matcher p\u00e5 sig att bjuda p\u00e5 show.\u2013\u00a0N\u00e4r&hellip;\n","protected":false},"author":2,"featured_media":66626,"comment_status":"","ping_status":"","sticky":false,"template":"","format":"standard","meta":{"footnotes":""},"categories":[5],"tags":[22,23,26,27,17,21,24,25,28,29,15,16,18,34,2950,31,33,32,30,19,20],"class_list":{"0":"post-66625","1":"post","2":"type-post","3":"status-publish","4":"format-standard","5":"has-post-thumbnail","7":"category-rubriker","8":"tag-breaking-news","9":"tag-breakingnews","10":"tag-featured-news","11":"tag-featurednews","12":"tag-headlines","13":"tag-huvudnyheter","14":"tag-latest-news","15":"tag-latestnews","16":"tag-main-news","17":"tag-mainnews","18":"tag-news","19":"tag-nyheter","20":"tag-rubriker","21":"tag-se","22":"tag-senaste-nytt-3","23":"tag-svenska","24":"tag-sverige","25":"tag-sweden","26":"tag-swedish","27":"tag-top-stories","28":"tag-topstories"},"share_on_mastodon":{"url":"https:\/\/pubeurope.com\/@se\/115452720485772656","error":""},"_links":{"self":[{"href":"https:\/\/www.europesays.com\/se\/wp-json\/wp\/v2\/posts\/66625","targetHints":{"allow":["GET"]}}],"collection":[{"href":"https:\/\/www.europesays.com\/se\/wp-json\/wp\/v2\/posts"}],"about":[{"href":"https:\/\/www.europesays.com\/se\/wp-json\/wp\/v2\/types\/post"}],"author":[{"embeddable":true,"href":"https:\/\/www.europesays.com\/se\/wp-json\/wp\/v2\/users\/2"}],"replies":[{"embeddable":true,"href":"https:\/\/www.europesays.com\/se\/wp-json\/wp\/v2\/comments?post=66625"}],"version-history":[{"count":0,"href":"https:\/\/www.europesays.com\/se\/wp-json\/wp\/v2\/posts\/66625\/revisions"}],"wp:featuredmedia":[{"embeddable":true,"href":"https:\/\/www.europesays.com\/se\/wp-json\/wp\/v2\/media\/66626"}],"wp:attachment":[{"href":"https:\/\/www.europesays.com\/se\/wp-json\/wp\/v2\/media?parent=66625"}],"wp:term":[{"taxonomy":"category","embeddable":true,"href":"https:\/\/www.europesays.com\/se\/wp-json\/wp\/v2\/categories?post=66625"},{"taxonomy":"post_tag","embeddable":true,"href":"https:\/\/www.europesays.com\/se\/wp-json\/wp\/v2\/tags?post=66625"}],"curies":[{"name":"wp","href":"https:\/\/api.w.org\/{rel}","templated":true}]}}