{"id":66648,"date":"2025-10-28T16:55:15","date_gmt":"2025-10-28T16:55:15","guid":{"rendered":"https:\/\/www.europesays.com\/se\/66648\/"},"modified":"2025-10-28T16:55:15","modified_gmt":"2025-10-28T16:55:15","slug":"malmo-ff-skriver-a-kontrakt-med-theodor-lundbergh","status":"publish","type":"post","link":"https:\/\/www.europesays.com\/se\/66648\/","title":{"rendered":"Malm\u00f6 FF skriver A-kontrakt med Theodor Lundbergh"},"content":{"rendered":"<p><strong>F\u00f6delsedatum:<\/strong> 2008-08-21<br \/><strong>Position:<\/strong> Mittf\u00e4ltare<br \/><strong>Moderklubb<\/strong>: Lilla Torg FF<\/p>\n<p>Theodor Lundbergh \u00e4r uppvuxen i centrala Malm\u00f6 och b\u00f6rjade spela fotboll som liten i Lilla Torg FF. Via FC Bellevue kom han till Malm\u00f6 FF som 13-\u00e5ring inf\u00f6r s\u00e4songen 2022. N\u00e4r han kom till f\u00f6reningen spelade han p\u00e5 det centrala mittf\u00e4ltet, men skolades om till v\u00e4nsterback innan han tog klivit tillbaka som central mittf\u00e4ltare i P17.<\/p>\n<p>Den h\u00e4r s\u00e4songen har utvecklingskurvan g\u00e5tt upp\u00e5t och han har vuxit ut till en nyckelspelare i P19. I P19 Allsvenskan har det hittills blivit 23 starter och tv\u00e5 m\u00e5l f\u00f6r 17-\u00e5ringen. Han var ocks\u00e5 med fr\u00e5n start n\u00e4r vi vann Ligacupfinalen mot Hammarby IF i v\u00e5ras.<\/p>\n<p>Under h\u00f6sten har han f\u00e5tt chansen att tr\u00e4na med A-laget och var med i matchtruppen mot GNK Dinamo Zagreb i Europa League och senaste hemmamatchen i Allsvenskan mot Hammarby IF.<\/p>\n<p>Efter den fina utvecklingen under \u00e5ret bel\u00f6nas han nu med sitt f\u00f6rsta A-lagskontrakt i Malm\u00f6 FF. Han skriver p\u00e5 ett 3-\u00e5rskontrakt som b\u00f6rjar g\u00e4lla fr\u00e5n och med den 1 januari 2026.<\/p>\n<p>Ola Toivonen, assisterande sportchef:<\/p>\n<p class=\"p1\">\u2013 Theo \u00e4r en en dynamisk spelare som \u00e4r v\u00e4ldigt duktig p\u00e5 att t\u00e4cka stora ytor p\u00e5 det centrala mittf\u00e4ltet. Han \u00e4r en tv\u00e5v\u00e4gsspelare och har en fin v\u00e4nsterfot. Med hj\u00e4lp av ledarstaben har han tagit stora kliv under det h\u00e4r \u00e5ret och varit en av de mest framst\u00e5ende spelarna i P19.<\/p>\n<p class=\"p1\">\u2013 Det \u00e4r viktigt att vi som f\u00f6rening f\u00e5r fram unga spelare och att de h\u00e5ller en bra niv\u00e5, det tycker jag vi ser i Theo. Han har tr\u00e4nat en del med v\u00e5rt A-lag under h\u00f6sten och visat prov p\u00e5 att han hanterar den niv\u00e5n.<\/p>\n<p>Theodor Lundbergh:<\/p>\n<p class=\"p1\">\u2013 Det k\u00e4nns v\u00e4ldigt kul. Det \u00e4r n\u00e5got jag har f\u00f6rs\u00f6kt n\u00e5 l\u00e4nge, s\u00e5 det k\u00e4nns v\u00e4ldigt bra. Det h\u00e4r har nog varit min b\u00e4sta s\u00e4song i Malm\u00f6 FF. Jag har spelat m\u00e5nga matcher och utvecklats mycket, framf\u00f6r allt mitt spel med bollen. Att springa har jag alltid varit bra p\u00e5.<\/p>\n<p class=\"p1\">\u2013 Fram\u00e5t hoppas jag att jag f\u00e5r spela s\u00e5 mycket som m\u00f6jligt och att jag presterar n\u00e4r jag f\u00e5r chansen. Men ocks\u00e5 att jag forts\u00e4tter utvecklas som spelare.<\/p>\n","protected":false},"excerpt":{"rendered":"F\u00f6delsedatum: 2008-08-21Position: Mittf\u00e4ltareModerklubb: Lilla Torg FF Theodor Lundbergh \u00e4r uppvuxen i centrala Malm\u00f6 och b\u00f6rjade spela fotboll som&hellip;\n","protected":false},"author":2,"featured_media":66649,"comment_status":"","ping_status":"","sticky":false,"template":"","format":"standard","meta":{"footnotes":""},"categories":[5],"tags":[22,23,26,27,17,21,24,25,28,29,15,16,18,34,31,33,32,30,19,20],"class_list":{"0":"post-66648","1":"post","2":"type-post","3":"status-publish","4":"format-standard","5":"has-post-thumbnail","7":"category-rubriker","8":"tag-breaking-news","9":"tag-breakingnews","10":"tag-featured-news","11":"tag-featurednews","12":"tag-headlines","13":"tag-huvudnyheter","14":"tag-latest-news","15":"tag-latestnews","16":"tag-main-news","17":"tag-mainnews","18":"tag-news","19":"tag-nyheter","20":"tag-rubriker","21":"tag-se","22":"tag-svenska","23":"tag-sverige","24":"tag-sweden","25":"tag-swedish","26":"tag-top-stories","27":"tag-topstories"},"share_on_mastodon":{"url":"https:\/\/pubeurope.com\/@se\/115452845951146931","error":""},"_links":{"self":[{"href":"https:\/\/www.europesays.com\/se\/wp-json\/wp\/v2\/posts\/66648","targetHints":{"allow":["GET"]}}],"collection":[{"href":"https:\/\/www.europesays.com\/se\/wp-json\/wp\/v2\/posts"}],"about":[{"href":"https:\/\/www.europesays.com\/se\/wp-json\/wp\/v2\/types\/post"}],"author":[{"embeddable":true,"href":"https:\/\/www.europesays.com\/se\/wp-json\/wp\/v2\/users\/2"}],"replies":[{"embeddable":true,"href":"https:\/\/www.europesays.com\/se\/wp-json\/wp\/v2\/comments?post=66648"}],"version-history":[{"count":0,"href":"https:\/\/www.europesays.com\/se\/wp-json\/wp\/v2\/posts\/66648\/revisions"}],"wp:featuredmedia":[{"embeddable":true,"href":"https:\/\/www.europesays.com\/se\/wp-json\/wp\/v2\/media\/66649"}],"wp:attachment":[{"href":"https:\/\/www.europesays.com\/se\/wp-json\/wp\/v2\/media?parent=66648"}],"wp:term":[{"taxonomy":"category","embeddable":true,"href":"https:\/\/www.europesays.com\/se\/wp-json\/wp\/v2\/categories?post=66648"},{"taxonomy":"post_tag","embeddable":true,"href":"https:\/\/www.europesays.com\/se\/wp-json\/wp\/v2\/tags?post=66648"}],"curies":[{"name":"wp","href":"https:\/\/api.w.org\/{rel}","templated":true}]}}