{"id":66662,"date":"2025-10-28T17:11:14","date_gmt":"2025-10-28T17:11:14","guid":{"rendered":"https:\/\/www.europesays.com\/se\/66662\/"},"modified":"2025-10-28T17:11:14","modified_gmt":"2025-10-28T17:11:14","slug":"minderarig-misstankt-for-brott-efter-skjutningen","status":"publish","type":"post","link":"https:\/\/www.europesays.com\/se\/66662\/","title":{"rendered":"Minder\u00e5rig misst\u00e4nkt f\u00f6r brott efter skjutningen"},"content":{"rendered":"<p>Ytterligare en person \u00e4r misst\u00e4nkt f\u00f6r brott efter helgens skjutning i G\u00e4vle, d\u00e4r en 18-\u00e5ring d\u00f6dades och ytterligare en skadades. Det \u00e4r fortfarande oklart vad misstankarna g\u00e4ller, rapporterar Gefle Dagblad. <\/p>\n<p>Personen \u00e4r under 18 \u00e5r och kammar\u00e5klagare Fredrik Normark \u00e4r f\u00e5ordig kring h\u00e4ndelsen. Till tidningen s\u00e4ger han att det \u00e4r f\u00f6r tidigt att s\u00e4ga om det finns n\u00e5gon koppling till sj\u00e4lva g\u00e4rningen. <\/p>\n<p>Sedan tidigare sitter en man i 25-\u00e5rs\u00e5ldern anh\u00e5llen misst\u00e4nkt f\u00f6r mordet. <\/p>\n<p>Omni \u00e4r politiskt obundna och oberoende. Vi str\u00e4var efter att ge fler perspektiv p\u00e5 nyheterna. Har du fr\u00e5gor eller synpunkter kring v\u00e5r rapportering? <a href=\"https:\/\/omni.se\/minderarig-misstankt-for-brott-efter-skjutningen\/a\/mailto:redaktion@omni.se\" class=\"ArticleActions_contactLink__W2F1M\" rel=\"nofollow noopener\" target=\"_blank\">Kontakta redaktionen<\/a><\/p>\n","protected":false},"excerpt":{"rendered":"Ytterligare en person \u00e4r misst\u00e4nkt f\u00f6r brott efter helgens skjutning i G\u00e4vle, d\u00e4r en 18-\u00e5ring d\u00f6dades och ytterligare&hellip;\n","protected":false},"author":2,"featured_media":66663,"comment_status":"","ping_status":"","sticky":false,"template":"","format":"standard","meta":{"footnotes":""},"categories":[5],"tags":[22,23,128,26,27,817,818,17,21,24,25,28,29,15,16,18,34,31,33,32,30,19,20],"class_list":{"0":"post-66662","1":"post","2":"type-post","3":"status-publish","4":"format-standard","5":"has-post-thumbnail","7":"category-rubriker","8":"tag-breaking-news","9":"tag-breakingnews","10":"tag-brott","11":"tag-featured-news","12":"tag-featurednews","13":"tag-gavle","14":"tag-gavleborgs-lan","15":"tag-headlines","16":"tag-huvudnyheter","17":"tag-latest-news","18":"tag-latestnews","19":"tag-main-news","20":"tag-mainnews","21":"tag-news","22":"tag-nyheter","23":"tag-rubriker","24":"tag-se","25":"tag-svenska","26":"tag-sverige","27":"tag-sweden","28":"tag-swedish","29":"tag-top-stories","30":"tag-topstories"},"share_on_mastodon":{"url":"https:\/\/pubeurope.com\/@se\/115452908867144461","error":""},"_links":{"self":[{"href":"https:\/\/www.europesays.com\/se\/wp-json\/wp\/v2\/posts\/66662","targetHints":{"allow":["GET"]}}],"collection":[{"href":"https:\/\/www.europesays.com\/se\/wp-json\/wp\/v2\/posts"}],"about":[{"href":"https:\/\/www.europesays.com\/se\/wp-json\/wp\/v2\/types\/post"}],"author":[{"embeddable":true,"href":"https:\/\/www.europesays.com\/se\/wp-json\/wp\/v2\/users\/2"}],"replies":[{"embeddable":true,"href":"https:\/\/www.europesays.com\/se\/wp-json\/wp\/v2\/comments?post=66662"}],"version-history":[{"count":0,"href":"https:\/\/www.europesays.com\/se\/wp-json\/wp\/v2\/posts\/66662\/revisions"}],"wp:featuredmedia":[{"embeddable":true,"href":"https:\/\/www.europesays.com\/se\/wp-json\/wp\/v2\/media\/66663"}],"wp:attachment":[{"href":"https:\/\/www.europesays.com\/se\/wp-json\/wp\/v2\/media?parent=66662"}],"wp:term":[{"taxonomy":"category","embeddable":true,"href":"https:\/\/www.europesays.com\/se\/wp-json\/wp\/v2\/categories?post=66662"},{"taxonomy":"post_tag","embeddable":true,"href":"https:\/\/www.europesays.com\/se\/wp-json\/wp\/v2\/tags?post=66662"}],"curies":[{"name":"wp","href":"https:\/\/api.w.org\/{rel}","templated":true}]}}