{"id":66666,"date":"2025-10-28T17:18:09","date_gmt":"2025-10-28T17:18:09","guid":{"rendered":"https:\/\/www.europesays.com\/se\/66666\/"},"modified":"2025-10-28T17:18:09","modified_gmt":"2025-10-28T17:18:09","slug":"kvinna-haktad-for-dodsskjutning-i-sodertalje","status":"publish","type":"post","link":"https:\/\/www.europesays.com\/se\/66666\/","title":{"rendered":"Kvinna h\u00e4ktad f\u00f6r d\u00f6dsskjutning i S\u00f6dert\u00e4lje"},"content":{"rendered":"<p class=\"boxtextgrotesk-root_baa6 hyperion-css-7pajle\">Uppdaterad 17.58 | Publicerad 14.10<\/p>\n<p>share-arrowDela<\/p>\n<p>unsaveSpara<\/p>\n<p>expand-left<\/p>\n<p>helsk\u00e4rm<img decoding=\"async\" class=\"image-asset hyperion-css-u06ts1\" data-test-tag=\"image-asset\" src=\"https:\/\/www.europesays.com\/se\/wp-content\/uploads\/2025\/10\/859990ca-4362-4c0d-a29c-687a11a6b6a8\"  alt=\"En stor polisinsats inleddes i samband med mordet i fredags. Arkivbild.\"  loading=\"eager\" fetchpriority=\"high\" style=\"aspect-ratio:1900 \/ 1267\"\/>En stor polisinsats inleddes i samband med mordet i fredags. Arkivbild. Foto: Caisa Rasmussen\/TT<\/p>\n<p class=\"hyperion-css-1shl3oz\" data-test-tag=\"lead-text\">En kvinna och en man i 30-\u00e5rs\u00e5ldern har h\u00e4ktats efter en d\u00f6dsskjutning i S\u00f6dert\u00e4lje i fredags, rapporterar L\u00e4nstidningen.<\/p>\n<p class=\"hyperion-css-1shl3oz\" data-test-tag=\"lead-text\">Enligt \u00e5talet \u00e4r det kvinnan som misst\u00e4nks ha avlossat skotten.<\/p>\n<p class=\"hyperion-css-1v9qo5x\">Kvinnan misst\u00e4nks f\u00f6r mord, mordf\u00f6rs\u00f6k och grovt vapenbrott. Mannen misst\u00e4nks f\u00f6r medhj\u00e4lp till mord och mordf\u00f6rs\u00f6k samt grovt skyddande av brottsling.<\/p>\n<p class=\"hyperion-css-1v9qo5x\">B\u00e5da h\u00e4ktades p\u00e5 tisdagseftermiddagen p\u00e5 sannolika sk\u00e4l, den starkare brottsmisstanken. De nekar till brott.<\/p>\n<p class=\"hyperion-css-1v9qo5x\">Kvinnan d\u00f6mdes s\u00e5 sent som i april i \u00e5r till tre \u00e5rs f\u00e4ngelse f\u00f6r grovt narkotikabrott g\u00e4llande f\u00f6rs\u00e4ljningen av ett kilo amfetamin i augusti f\u00f6rra \u00e5ret. Hon var enligt LT p\u00e5 fri fot i v\u00e4ntan p\u00e5 att b\u00f6rja verkst\u00e4lla sitt straff d\u00e5 skjutningen \u00e4gde rum.<\/p>\n<p class=\"hyperion-css-1v9qo5x\">En man i 18-\u00e5rs\u00e5ldern d\u00f6dades i skjutningen p\u00e5 fredagskv\u00e4llen och en ung man skadades, men inte livshotande. B\u00e5de kvinnan och mannen greps under natten efter mordet.<\/p>\n<p class=\"hyperion-css-1v9qo5x\">Dessutom har en tredje, yngre person gripits misst\u00e4nkt f\u00f6r inblandning i mordet, skriver LT. Den personen har \u00e4nnu inte beg\u00e4rts h\u00e4ktad.<\/p>\n","protected":false},"excerpt":{"rendered":"Uppdaterad 17.58 | Publicerad 14.10 share-arrowDela unsaveSpara expand-left helsk\u00e4rmEn stor polisinsats inleddes i samband med mordet i fredags.&hellip;\n","protected":false},"author":2,"featured_media":66667,"comment_status":"","ping_status":"","sticky":false,"template":"","format":"standard","meta":{"footnotes":""},"categories":[12],"tags":[22,23,26,27,17,21,24,25,28,29,15,16,18,34,31,33,32,30,19,20],"class_list":{"0":"post-66666","1":"post","2":"type-post","3":"status-publish","4":"format-standard","5":"has-post-thumbnail","7":"category-sverige","8":"tag-breaking-news","9":"tag-breakingnews","10":"tag-featured-news","11":"tag-featurednews","12":"tag-headlines","13":"tag-huvudnyheter","14":"tag-latest-news","15":"tag-latestnews","16":"tag-main-news","17":"tag-mainnews","18":"tag-news","19":"tag-nyheter","20":"tag-rubriker","21":"tag-se","22":"tag-svenska","23":"tag-sverige","24":"tag-sweden","25":"tag-swedish","26":"tag-top-stories","27":"tag-topstories"},"share_on_mastodon":{"url":"https:\/\/pubeurope.com\/@se\/115452936570199583","error":""},"_links":{"self":[{"href":"https:\/\/www.europesays.com\/se\/wp-json\/wp\/v2\/posts\/66666","targetHints":{"allow":["GET"]}}],"collection":[{"href":"https:\/\/www.europesays.com\/se\/wp-json\/wp\/v2\/posts"}],"about":[{"href":"https:\/\/www.europesays.com\/se\/wp-json\/wp\/v2\/types\/post"}],"author":[{"embeddable":true,"href":"https:\/\/www.europesays.com\/se\/wp-json\/wp\/v2\/users\/2"}],"replies":[{"embeddable":true,"href":"https:\/\/www.europesays.com\/se\/wp-json\/wp\/v2\/comments?post=66666"}],"version-history":[{"count":0,"href":"https:\/\/www.europesays.com\/se\/wp-json\/wp\/v2\/posts\/66666\/revisions"}],"wp:featuredmedia":[{"embeddable":true,"href":"https:\/\/www.europesays.com\/se\/wp-json\/wp\/v2\/media\/66667"}],"wp:attachment":[{"href":"https:\/\/www.europesays.com\/se\/wp-json\/wp\/v2\/media?parent=66666"}],"wp:term":[{"taxonomy":"category","embeddable":true,"href":"https:\/\/www.europesays.com\/se\/wp-json\/wp\/v2\/categories?post=66666"},{"taxonomy":"post_tag","embeddable":true,"href":"https:\/\/www.europesays.com\/se\/wp-json\/wp\/v2\/tags?post=66666"}],"curies":[{"name":"wp","href":"https:\/\/api.w.org\/{rel}","templated":true}]}}