{"id":66668,"date":"2025-10-28T17:19:26","date_gmt":"2025-10-28T17:19:26","guid":{"rendered":"https:\/\/www.europesays.com\/se\/66668\/"},"modified":"2025-10-28T17:19:26","modified_gmt":"2025-10-28T17:19:26","slug":"okanda-sundsvallsnamnet-i-tony-gustavssons-landslag-sundsvalls-tidning","status":"publish","type":"post","link":"https:\/\/www.europesays.com\/se\/66668\/","title":{"rendered":"Ok\u00e4nda Sundsvallsnamnet i Tony Gustavssons landslag \u2013 Sundsvalls Tidning"},"content":{"rendered":"<p>Ni trodde att nye f\u00f6rbundskaptenen Tony Gustavsson inte hade med n\u00e5gon Sundsvallsrepresentant i sitt fotbollslandslag.<\/p>\n<p>Men titta p\u00e5 sidan s\u00e5 hittar ni en nyckelspelare.<\/p>\n<p>\u2013 I mina \u00f6gon \u00e4r det h\u00e4r ett v\u00e4ldigt fint uppdrag, s\u00e4ger Sandra Sandberg, som f\u00e5r stj\u00e4rnorna redo f\u00f6r match.<\/p>\n<p><img loading=\"lazy\" decoding=\"async\" width=\"980\" height=\"551\" class=\"article-image article-image--featured\" alt=\"Sandra Sandberg, l\u00e4ngst till h\u00f6ger, har ett f\u00f6rflutet i Sel\u00e5nger, SDFF och GIF Sundsvall.\" src=\"https:\/\/www.europesays.com\/se\/wp-content\/uploads\/2025\/10\/d3255cff-a288-478c-8131-4339f58b2b1e.jpg\"  \/><a class=\"article__lightbox-link\" href=\"https:\/\/static.bonniernews.se\/ba\/d3255cff-a288-478c-8131-4339f58b2b1e.jpg?crop=3423%2C1925%2Cx0%2Cy179&amp;width=1400&amp;format=pjpg&amp;auto=avif\" data-pswp-width=\"1400\" data-pswp-height=\"788\" data-pswp-caption=\"Sandra Sandberg, l\u00e4ngst till h\u00f6ger, har ett f\u00f6rflutet i Sel\u00e5nger, SDFF och GIF Sundsvall. Bild: Ludvig Thunman\/Bildbyr\u00e5n\" data-pswp- rel=\"nofollow noopener\" target=\"_blank\">\u00d6ppna bild i helsk\u00e4rmsl\u00e4ge<\/a><\/p>\n<p class=\"txt-style-muted\" aria-hidden=\"true\">Sandra Sandberg, l\u00e4ngst till h\u00f6ger, har ett f\u00f6rflutet i Sel\u00e5nger, SDFF och GIF Sundsvall.<\/p>\n<p class=\"article__figcaption-attribution txt-style-muted\">Bild: Ludvig Thunman\/Bildbyr\u00e5n<\/p>\n<p>Det kr\u00e4vs ett par uppm\u00e4rksamma \u00f6gon f\u00f6r att f\u00e5 syn p\u00e5 henne. N\u00e4r den nya landslagsstaben offentliggjordes i samband med att Tony Gustavsson tog \u00f6ver damernas fotbollslandslag, s\u00e5 var den 21 namn l\u00e5ng \u2013 n\u00e4stan lika stor som en spelartrupp \u2013 med allt mellan kock och f\u00f6rbundskapten.<\/p>\n<p>Tekniskt fel<\/p>\n<p class=\"message__text txt-ui txt-ui-2\">V\u00e4nligen f\u00f6rs\u00f6k igen senare.<\/p>\n<p>Den h\u00e4r artikeln \u00e4r bara f\u00f6r prenumeranter<\/p>\n<p class=\"txt-body txt-body-1\">Om du redan \u00e4r prenumerant: logga in!<\/p>\n","protected":false},"excerpt":{"rendered":"Ni trodde att nye f\u00f6rbundskaptenen Tony Gustavsson inte hade med n\u00e5gon Sundsvallsrepresentant i sitt fotbollslandslag. Men titta p\u00e5&hellip;\n","protected":false},"author":2,"featured_media":66669,"comment_status":"","ping_status":"","sticky":false,"template":"","format":"standard","meta":{"footnotes":""},"categories":[5],"tags":[22,23,26,27,17,21,24,25,28,29,15,16,18,34,31,33,32,30,19,20],"class_list":{"0":"post-66668","1":"post","2":"type-post","3":"status-publish","4":"format-standard","5":"has-post-thumbnail","7":"category-rubriker","8":"tag-breaking-news","9":"tag-breakingnews","10":"tag-featured-news","11":"tag-featurednews","12":"tag-headlines","13":"tag-huvudnyheter","14":"tag-latest-news","15":"tag-latestnews","16":"tag-main-news","17":"tag-mainnews","18":"tag-news","19":"tag-nyheter","20":"tag-rubriker","21":"tag-se","22":"tag-svenska","23":"tag-sverige","24":"tag-sweden","25":"tag-swedish","26":"tag-top-stories","27":"tag-topstories"},"share_on_mastodon":{"url":"https:\/\/pubeurope.com\/@se\/115452940420646279","error":""},"_links":{"self":[{"href":"https:\/\/www.europesays.com\/se\/wp-json\/wp\/v2\/posts\/66668","targetHints":{"allow":["GET"]}}],"collection":[{"href":"https:\/\/www.europesays.com\/se\/wp-json\/wp\/v2\/posts"}],"about":[{"href":"https:\/\/www.europesays.com\/se\/wp-json\/wp\/v2\/types\/post"}],"author":[{"embeddable":true,"href":"https:\/\/www.europesays.com\/se\/wp-json\/wp\/v2\/users\/2"}],"replies":[{"embeddable":true,"href":"https:\/\/www.europesays.com\/se\/wp-json\/wp\/v2\/comments?post=66668"}],"version-history":[{"count":0,"href":"https:\/\/www.europesays.com\/se\/wp-json\/wp\/v2\/posts\/66668\/revisions"}],"wp:featuredmedia":[{"embeddable":true,"href":"https:\/\/www.europesays.com\/se\/wp-json\/wp\/v2\/media\/66669"}],"wp:attachment":[{"href":"https:\/\/www.europesays.com\/se\/wp-json\/wp\/v2\/media?parent=66668"}],"wp:term":[{"taxonomy":"category","embeddable":true,"href":"https:\/\/www.europesays.com\/se\/wp-json\/wp\/v2\/categories?post=66668"},{"taxonomy":"post_tag","embeddable":true,"href":"https:\/\/www.europesays.com\/se\/wp-json\/wp\/v2\/tags?post=66668"}],"curies":[{"name":"wp","href":"https:\/\/api.w.org\/{rel}","templated":true}]}}