{"id":66676,"date":"2025-10-28T17:27:42","date_gmt":"2025-10-28T17:27:42","guid":{"rendered":"https:\/\/www.europesays.com\/se\/66676\/"},"modified":"2025-10-28T17:27:42","modified_gmt":"2025-10-28T17:27:42","slug":"skolanstalld-doms-for-overgrepp-mot-16-flickor","status":"publish","type":"post","link":"https:\/\/www.europesays.com\/se\/66676\/","title":{"rendered":"Skolanst\u00e4lld d\u00f6ms f\u00f6r \u00f6vergrepp mot 16 flickor"},"content":{"rendered":"<p>Totalt 16 flickor var m\u00e5ls\u00e4gande i \u00e5talet, och tingsr\u00e4tten d\u00f6mer mannen p\u00e5 samtliga 16 \u00e5talspunkter.<\/p>\n<p>\u2013 Han har d\u00f6mts f\u00f6r alla de \u00e5talade g\u00e4rningarna. \u00d6verlag har tingsr\u00e4tten delat \u00e5klagarnas bed\u00f6mning av hur de h\u00e4r g\u00e4rningarna ska bed\u00f6mas. Vi hade ett n\u00e5got h\u00f6gre p\u00e5fallsyrkande, men jag m\u00e5ste \u00e4nd\u00e5 s\u00e4ga att den samlade bilden \u00e4r att jag \u00e4r n\u00f6jd, s\u00e4ger kammar\u00e5klagare Bente Erf\u00e4ldt till TT.<\/p>\n","protected":false},"excerpt":{"rendered":"Totalt 16 flickor var m\u00e5ls\u00e4gande i \u00e5talet, och tingsr\u00e4tten d\u00f6mer mannen p\u00e5 samtliga 16 \u00e5talspunkter. \u2013 Han har&hellip;\n","protected":false},"author":2,"featured_media":66677,"comment_status":"","ping_status":"","sticky":false,"template":"","format":"standard","meta":{"footnotes":""},"categories":[5],"tags":[22,23,26,27,17,21,24,25,28,29,15,16,18,34,31,33,32,30,19,20],"class_list":{"0":"post-66676","1":"post","2":"type-post","3":"status-publish","4":"format-standard","5":"has-post-thumbnail","7":"category-rubriker","8":"tag-breaking-news","9":"tag-breakingnews","10":"tag-featured-news","11":"tag-featurednews","12":"tag-headlines","13":"tag-huvudnyheter","14":"tag-latest-news","15":"tag-latestnews","16":"tag-main-news","17":"tag-mainnews","18":"tag-news","19":"tag-nyheter","20":"tag-rubriker","21":"tag-se","22":"tag-svenska","23":"tag-sverige","24":"tag-sweden","25":"tag-swedish","26":"tag-top-stories","27":"tag-topstories"},"share_on_mastodon":{"url":"https:\/\/pubeurope.com\/@se\/115452971824815907","error":""},"_links":{"self":[{"href":"https:\/\/www.europesays.com\/se\/wp-json\/wp\/v2\/posts\/66676","targetHints":{"allow":["GET"]}}],"collection":[{"href":"https:\/\/www.europesays.com\/se\/wp-json\/wp\/v2\/posts"}],"about":[{"href":"https:\/\/www.europesays.com\/se\/wp-json\/wp\/v2\/types\/post"}],"author":[{"embeddable":true,"href":"https:\/\/www.europesays.com\/se\/wp-json\/wp\/v2\/users\/2"}],"replies":[{"embeddable":true,"href":"https:\/\/www.europesays.com\/se\/wp-json\/wp\/v2\/comments?post=66676"}],"version-history":[{"count":0,"href":"https:\/\/www.europesays.com\/se\/wp-json\/wp\/v2\/posts\/66676\/revisions"}],"wp:featuredmedia":[{"embeddable":true,"href":"https:\/\/www.europesays.com\/se\/wp-json\/wp\/v2\/media\/66677"}],"wp:attachment":[{"href":"https:\/\/www.europesays.com\/se\/wp-json\/wp\/v2\/media?parent=66676"}],"wp:term":[{"taxonomy":"category","embeddable":true,"href":"https:\/\/www.europesays.com\/se\/wp-json\/wp\/v2\/categories?post=66676"},{"taxonomy":"post_tag","embeddable":true,"href":"https:\/\/www.europesays.com\/se\/wp-json\/wp\/v2\/tags?post=66676"}],"curies":[{"name":"wp","href":"https:\/\/api.w.org\/{rel}","templated":true}]}}