{"id":66695,"date":"2025-10-28T18:14:43","date_gmt":"2025-10-28T18:14:43","guid":{"rendered":"https:\/\/www.europesays.com\/se\/66695\/"},"modified":"2025-10-28T18:14:43","modified_gmt":"2025-10-28T18:14:43","slug":"saab-imponerar-men-analyshusen-tvekar","status":"publish","type":"post","link":"https:\/\/www.europesays.com\/se\/66695\/","title":{"rendered":"Saab imponerar \u2013 men analyshusen tvekar"},"content":{"rendered":"<p class=\"font-sans text-base text-text-main dark:text-text-main-dark font-normal leading-[1.4]\">Det framg\u00e5r av analyser som Nyhetsbyr\u00e5n Direkt tagit del av p\u00e5 m\u00e5ndagen.<\/p>\n<p class=\"font-sans text-base text-text-main dark:text-text-main-dark font-normal leading-[1.4]\">Den h\u00f6jda hel\u00e5rsprognosen i kombination med en \u00f6kad sannolikhet f\u00f6r stora order i det fj\u00e4rde kvartalet st\u00e4rker Paretos kortsiktiga utsikter f\u00f6r Saab, skriver analyshuset som h\u00f6jer sin riktkurs till 565 kronor (550), med en upprepad beh\u00e5ll-rekommendation.<\/p>\n<p class=\"font-sans text-base text-text-main dark:text-text-main-dark font-normal leading-[1.4]\">\u201dVi \u00e4r dock alltmer positiva till den kortsiktiga orderpotentialen, som kan fungera som triggers och h\u00f6ja de l\u00e5ngsiktiga estimaten\u201d, heter det.<\/p>\n<p class=\"font-sans text-base text-text-main dark:text-text-main-dark font-normal leading-[1.4]\">I sin analys lyfter Pareto potentialen f\u00f6r att allt fler triggers f\u00f6r aktien kan komma att infrias kommande m\u00e5nader.<\/p>\n<p class=\"font-sans text-base text-text-main dark:text-text-main-dark font-normal leading-[1.4]\">\u201dVi \u00e4r alltmer \u00f6vertygade om att Gripen-kontrakten med Colombia (budgetv\u00e4rde 4,3 miljarder dollar) kommer att slutf\u00f6ras f\u00f6re \u00e5rets slut\u201d, skriver Pareto som \u00e4nnu inte inkluderar kontraktet i sina estimat.<\/p>\n<p class=\"font-sans text-base text-text-main dark:text-text-main-dark font-normal leading-[1.4]\">Inom Saabs aff\u00e4rsomr\u00e5de Surveillance ser analyshuset samtidigt ytterligare orderpotential i Globaleye, d\u00e4r Frankrike, Tyskland och Nato lyfts som m\u00f6jliga kandidater.<\/p>\n<p class=\"font-sans text-base text-text-main dark:text-text-main-dark font-normal leading-[1.4]\">Vidare lyfter Pareto att Kockums fortfarande med i upphandlingen av Polens ub\u00e5tsprojekt, men att b\u00e5de tidpunkt och utfall f\u00f6rblir oklart. Gripen-flyg till Ukraina \u00e4r annars n\u00e5got som skulle kunna driva en \u00f6kad l\u00f6nsamhet f\u00f6r Saab.<\/p>\n<p class=\"font-sans text-base text-text-main dark:text-text-main-dark font-normal leading-[1.4]\">\u201dEn m\u00f6jlig Gripen-order fr\u00e5n Ukraina skulle vara transformativ, genom att \u00f6ka programvolymerna och driva h\u00f6gre l\u00f6nsamhet under de kommande 15 \u00e5ren. Dock har inget kontrakt skrivits, och detta \u00e4r inte inkluderat i v\u00e5ra estimat\u201d, skriver Pareto.<\/p>\n<p class=\"font-sans text-base text-text-main dark:text-text-main-dark font-normal leading-[1.4]\">Trots beh\u00e5llr\u00e5det ser Pareto aktien som attraktiv inf\u00f6r det fj\u00e4rde kvartalet, givet de ovan n\u00e4mnda kortfristiga katalysatorerna.<\/p>\n<p class=\"font-sans text-base text-text-main dark:text-text-main-dark font-normal leading-[1.4]\">SEB s\u00e4ger sig vara s\u00e4rskilt imponerade av Saabs f\u00f6rm\u00e5ga att omvandla sin orderutveckling till f\u00f6rs\u00e4ljning, men att h\u00e4vst\u00e5ngen i aff\u00e4ren \u00e4r fortsatt l\u00e5g, vilket begr\u00e4nsar potentialen.<\/p>\n<p class=\"font-sans text-base text-text-main dark:text-text-main-dark font-normal leading-[1.4]\">\u201dNyheten om en Gripen-j\u00e4tteorder till Ukraina \u00e4r utan tvekan positiv, men vi vill betona att det skulle v\u00e4nda den senaste tidens trend mot en f\u00f6rb\u00e4ttrad orderbokskvalitet, med ett mindre beroende av verksamheter med l\u00e5g marginal och svagt kassafl\u00f6de\u201d, skriver banken som beh\u00e5ller rekommendationen Beh\u00e5ll och riktkursen 560 kronor efter Saabs rapport.<\/p>\n<p class=\"font-sans text-base text-text-main dark:text-text-main-dark font-normal leading-[1.4]\">Inderes kallar det tredje kvartalet f\u00f6r \u201dett mycket bra kvartal\u201d f\u00f6r Saab.<\/p>\n<p class=\"font-sans text-base text-text-main dark:text-text-main-dark font-normal leading-[1.4]\">\u201dMarknadsefterfr\u00e5gan \u00e4r fortsatt stark, och f\u00f6retagets ordering\u00e5ng forts\u00e4tter att dra nytta av detta. F\u00f6retaget levererade resultat \u00f6ver v\u00e5r f\u00f6rv\u00e4ntning, vilket st\u00f6djer v\u00e5r syn att verksamheten utvecklas v\u00e4l baserat p\u00e5 fundamentala v\u00e4rden. Vi h\u00f6jer v\u00e5ra estimat f\u00f6r det fj\u00e4rde kvartalet och 2025 f\u00f6r de flesta divisioner g\u00e4llande int\u00e4kter, tillsammans med blygsamma marginalh\u00f6jningar, vilket \u00e5terspeglar starkare orderboksexekvering och \u00f6kad visibilitet\u201d, skriver Inderes som med det sagt fortsatt anser att Saabs nuvarande v\u00e4rdering lovar mer \u00e4n vad det fundamentala v\u00e4rden kan motivera.<\/p>\n<p class=\"font-sans text-base text-text-main dark:text-text-main-dark font-normal leading-[1.4]\">Inderes upprepar sin s\u00e4ljrekommendation med en riktkurs p\u00e5 310 kronor.<\/p>\n","protected":false},"excerpt":{"rendered":"Det framg\u00e5r av analyser som Nyhetsbyr\u00e5n Direkt tagit del av p\u00e5 m\u00e5ndagen. Den h\u00f6jda hel\u00e5rsprognosen i kombination med&hellip;\n","protected":false},"author":2,"featured_media":4849,"comment_status":"","ping_status":"","sticky":false,"template":"","format":"standard","meta":{"footnotes":""},"categories":[65],"tags":[72,70,71,2200,34,31,33,32,30],"class_list":{"0":"post-66695","1":"post","2":"type-post","3":"status-publish","4":"format-standard","5":"has-post-thumbnail","7":"category-ekonomi","8":"tag-business","9":"tag-economy","10":"tag-ekonomi","11":"tag-saab","12":"tag-se","13":"tag-svenska","14":"tag-sverige","15":"tag-sweden","16":"tag-swedish"},"share_on_mastodon":{"url":"https:\/\/pubeurope.com\/@se\/115453156693527793","error":""},"_links":{"self":[{"href":"https:\/\/www.europesays.com\/se\/wp-json\/wp\/v2\/posts\/66695","targetHints":{"allow":["GET"]}}],"collection":[{"href":"https:\/\/www.europesays.com\/se\/wp-json\/wp\/v2\/posts"}],"about":[{"href":"https:\/\/www.europesays.com\/se\/wp-json\/wp\/v2\/types\/post"}],"author":[{"embeddable":true,"href":"https:\/\/www.europesays.com\/se\/wp-json\/wp\/v2\/users\/2"}],"replies":[{"embeddable":true,"href":"https:\/\/www.europesays.com\/se\/wp-json\/wp\/v2\/comments?post=66695"}],"version-history":[{"count":0,"href":"https:\/\/www.europesays.com\/se\/wp-json\/wp\/v2\/posts\/66695\/revisions"}],"wp:featuredmedia":[{"embeddable":true,"href":"https:\/\/www.europesays.com\/se\/wp-json\/wp\/v2\/media\/4849"}],"wp:attachment":[{"href":"https:\/\/www.europesays.com\/se\/wp-json\/wp\/v2\/media?parent=66695"}],"wp:term":[{"taxonomy":"category","embeddable":true,"href":"https:\/\/www.europesays.com\/se\/wp-json\/wp\/v2\/categories?post=66695"},{"taxonomy":"post_tag","embeddable":true,"href":"https:\/\/www.europesays.com\/se\/wp-json\/wp\/v2\/tags?post=66695"}],"curies":[{"name":"wp","href":"https:\/\/api.w.org\/{rel}","templated":true}]}}