{"id":66750,"date":"2025-10-28T20:19:12","date_gmt":"2025-10-28T20:19:12","guid":{"rendered":"https:\/\/www.europesays.com\/se\/66750\/"},"modified":"2025-10-28T20:19:12","modified_gmt":"2025-10-28T20:19:12","slug":"ny-studie-mayafolket-forutspadde-sol-och-manformorkelser-med-hjalp-av-tabell-hittad-i-dresdenkodexen","status":"publish","type":"post","link":"https:\/\/www.europesays.com\/se\/66750\/","title":{"rendered":"Ny studie: Mayafolket f\u00f6rutsp\u00e5dde sol- och m\u00e5nf\u00f6rm\u00f6rkelser med hj\u00e4lp av tabell hittad i Dresdenkodexen"},"content":{"rendered":"<p>I tabellen hittade forskarna tv\u00e5 speciella punkter, i vilka <a href=\"https:\/\/illvet.se\/universum\/solsystemet\/solen\/10-saker-du-inte-visste-om-solen\" class=\"hover:font-bold\" rel=\"nofollow noopener\" target=\"_blank\">solen<\/a>, m\u00e5nen och <a href=\"https:\/\/illvet.se\/universum\/solsystemet\/jorden\" class=\"hover:font-bold\" rel=\"nofollow noopener\" target=\"_blank\">jorden<\/a> ligger i en n\u00e4stan rak linje. Mayafolket r\u00e4knade med andra ord ut n\u00e4r sol- och m\u00e5nf\u00f6rm\u00f6rkelser skulle intr\u00e4ffa, med bara n\u00e5gra f\u00e5 dagars felmarginal.<\/p>\n<p>Punkterna vid 223 och 358 \u00e4r n\u00e4rmare best\u00e4mt s\u00e5 kallade m\u00e5nm\u00e5nader, vilket \u00e4r en beteckning f\u00f6r det antal dagar det tar m\u00e5nen att \u00f6verg\u00e5 fr\u00e5n en <a href=\"https:\/\/illvet.se\/universum\/solsystemet\/manen\/nymaane-nar-ar-det-nymaane\" class=\"hover:font-bold\" rel=\"nofollow noopener\" target=\"_blank\">nym\u00e5ne<\/a> till n\u00e4sta.<\/p>\n<p>De b\u00e5da talen ser kanske ut att vara slumpm\u00e4ssiga, men det \u00e4r de l\u00e5ngt ifr\u00e5n.<\/p>\n","protected":false},"excerpt":{"rendered":"I tabellen hittade forskarna tv\u00e5 speciella punkter, i vilka solen, m\u00e5nen och jorden ligger i en n\u00e4stan rak&hellip;\n","protected":false},"author":2,"featured_media":66751,"comment_status":"","ping_status":"","sticky":false,"template":"","format":"standard","meta":{"footnotes":""},"categories":[69],"tags":[113,112,34,31,33,32,30],"class_list":{"0":"post-66750","1":"post","2":"type-post","3":"status-publish","4":"format-standard","5":"has-post-thumbnail","7":"category-halsa","8":"tag-halsa","9":"tag-health","10":"tag-se","11":"tag-svenska","12":"tag-sverige","13":"tag-sweden","14":"tag-swedish"},"share_on_mastodon":{"url":"https:\/\/pubeurope.com\/@se\/115453648135632178","error":""},"_links":{"self":[{"href":"https:\/\/www.europesays.com\/se\/wp-json\/wp\/v2\/posts\/66750","targetHints":{"allow":["GET"]}}],"collection":[{"href":"https:\/\/www.europesays.com\/se\/wp-json\/wp\/v2\/posts"}],"about":[{"href":"https:\/\/www.europesays.com\/se\/wp-json\/wp\/v2\/types\/post"}],"author":[{"embeddable":true,"href":"https:\/\/www.europesays.com\/se\/wp-json\/wp\/v2\/users\/2"}],"replies":[{"embeddable":true,"href":"https:\/\/www.europesays.com\/se\/wp-json\/wp\/v2\/comments?post=66750"}],"version-history":[{"count":0,"href":"https:\/\/www.europesays.com\/se\/wp-json\/wp\/v2\/posts\/66750\/revisions"}],"wp:featuredmedia":[{"embeddable":true,"href":"https:\/\/www.europesays.com\/se\/wp-json\/wp\/v2\/media\/66751"}],"wp:attachment":[{"href":"https:\/\/www.europesays.com\/se\/wp-json\/wp\/v2\/media?parent=66750"}],"wp:term":[{"taxonomy":"category","embeddable":true,"href":"https:\/\/www.europesays.com\/se\/wp-json\/wp\/v2\/categories?post=66750"},{"taxonomy":"post_tag","embeddable":true,"href":"https:\/\/www.europesays.com\/se\/wp-json\/wp\/v2\/tags?post=66750"}],"curies":[{"name":"wp","href":"https:\/\/api.w.org\/{rel}","templated":true}]}}