{"id":66756,"date":"2025-10-28T20:33:16","date_gmt":"2025-10-28T20:33:16","guid":{"rendered":"https:\/\/www.europesays.com\/se\/66756\/"},"modified":"2025-10-28T20:33:16","modified_gmt":"2025-10-28T20:33:16","slug":"hon-mordade-han-hjalpte-till","status":"publish","type":"post","link":"https:\/\/www.europesays.com\/se\/66756\/","title":{"rendered":"Hon m\u00f6rdade \u2013 han hj\u00e4lpte till"},"content":{"rendered":"<p>Publicerad 28 okt 2025 kl 15.28Uppdaterad kl 17.25<\/p>\n<p>En man och en kvinna har h\u00e4ktats efter fredagens mord i S\u00f6dert\u00e4lje.<\/p>\n<p>Kvinnan m\u00f6rdaren och mannen hennes medhj\u00e4lpare, enligt misstankarna.<\/p>\n<p>D\u00f6dsskjutningen tros vara kopplad till stadens g\u00e4ngkrig, erfar Expressen.<\/p>\n<p><img   alt=\"\"\/> <\/p>\n<p>Foto: Caisa Rasmussen\/TT \/ TT NYHETSBYR\u00c5N \/ Caisa Rasmussen<\/p>\n<p>\u00d6ppna bild i helsk\u00e4rm<\/p>\n<p>P\u00e5 fredagskv\u00e4llen h\u00f6rdes <a href=\"https:\/\/www.expressen.se\/nyheter\/krim\/kvinna-gripen-for-dodsskjutning-i-sodertalje\/\" rel=\"nofollow noopener\" target=\"_blank\">flera sm\u00e4llar i Fornh\u00f6jden i S\u00f6dert\u00e4lje<\/a>.\u00a0<\/p>\n<p>\u2013 F\u00f6rst var det fyra skott, sedan lite paus sedan tv\u00e5 till, sa en boende i omr\u00e5det till Expressen.<\/p>\n<p>Polisen kunde konstatera att tv\u00e5 unga m\u00e4n skjutits vid en bil. Den ene, en 18-\u00e5ring, dog. Den andre mannen blev inte livshotande skadad.<\/p>\n<p>Natten mot fredagen greps en kvinna i 35-\u00e5rs\u00e5ldern och en man i 30-\u00e5rs\u00e5ldern. B\u00e5da \u00e4r tidigare d\u00f6mda, bland annat f\u00f6r narkotikarelaterad brottslighet. Ingen av dem kommer fr\u00e5n <a href=\"https:\/\/www.expressen.se\/tagg\/location\/sodertalje\/\" class=\"\" rel=\"nofollow noopener\" target=\"_blank\">S\u00f6dert\u00e4lje<\/a>.\u00a0<\/p>\n<p>Kvinnan misst\u00e4nks f\u00f6r mord<\/p>\n<p>Polisen misst\u00e4nker att mordet skett inom ramen f\u00f6r g\u00e4ngkriget i S\u00f6dert\u00e4lje erfar Expressen. Skjutningen misst\u00e4nks vara best\u00e4lld av Ronna-sidan i konflikten. Kvinnan i 35-\u00e5rs\u00e5ldern och mannen i 30-\u00e5rs\u00e5ldern tros ha anlitats som utf\u00f6rare.<\/p>\n<p>Kvinnan har under tisdagseftermiddagen h\u00e4ktats p\u00e5 den h\u00f6gre misstankegraden f\u00f6r mord och mordf\u00f6rs\u00f6k.\u00a0<\/p>\n<p>\u201dHon f\u00f6rnekar brott. I \u00f6vrigt kan jag inte kommentera\u201d, skriver hennes f\u00f6rsvarsadvokat Rebecka Lewis i ett sms.<\/p>\n<p>Mannen har h\u00e4ktats f\u00f6r medhj\u00e4lp till mord, medhj\u00e4lp till mordf\u00f6rs\u00f6k och grovt skyddande av brottsling. Han h\u00e4ktas p\u00e5 den h\u00f6gre misstankegraden.<\/p>\n<p>\u2013 Han f\u00f6rnekar all inblandning i detta, s\u00e4ger hans f\u00f6rsvarsadvokat Hanna Lindblom.<\/p>\n<p>Han har ocks\u00e5 en ber\u00e4ttelse som f\u00f6rklarar de uppgifter som l\u00e4ggs honom till last, uppger hon.<\/p>\n<p>\u2013 Det har han absolut men jag kan inte g\u00e5 in p\u00e5 det.<\/p>\n<p>Av domstolshandlingar framg\u00e5r att en tredje person \u00e4r misst\u00e4nkt f\u00f6r inblandning i mordet. Den personen har inte beg\u00e4rts h\u00e4ktad.\u00a0<\/p>\n<p><strong>L\u00c4S MER: <\/strong><a href=\"https:\/\/www.expressen.se\/nyheter\/krim\/kvinna-gripen-for-dodsskjutning-i-sodertalje\/\" class=\"\" rel=\"nofollow noopener\" target=\"_blank\">Kvinna gripen f\u00f6r d\u00f6dsskjutning i S\u00f6dert\u00e4lje<\/a><\/p>\n","protected":false},"excerpt":{"rendered":"Publicerad 28 okt 2025 kl 15.28Uppdaterad kl 17.25 En man och en kvinna har h\u00e4ktats efter fredagens mord&hellip;\n","protected":false},"author":2,"featured_media":66757,"comment_status":"","ping_status":"","sticky":false,"template":"","format":"standard","meta":{"footnotes":""},"categories":[12],"tags":[22,23,26,27,17,21,24,25,1618,28,29,15,16,18,34,154,31,33,32,30,19,668,20],"class_list":{"0":"post-66756","1":"post","2":"type-post","3":"status-publish","4":"format-standard","5":"has-post-thumbnail","7":"category-sverige","8":"tag-breaking-news","9":"tag-breakingnews","10":"tag-featured-news","11":"tag-featurednews","12":"tag-headlines","13":"tag-huvudnyheter","14":"tag-latest-news","15":"tag-latestnews","16":"tag-location-sodertalje","17":"tag-main-news","18":"tag-mainnews","19":"tag-news","20":"tag-nyheter","21":"tag-rubriker","22":"tag-se","23":"tag-sections-sverige","24":"tag-svenska","25":"tag-sverige","26":"tag-sweden","27":"tag-swedish","28":"tag-top-stories","29":"tag-topic-gangkriminalitet","30":"tag-topstories"},"share_on_mastodon":{"url":"https:\/\/pubeurope.com\/@se\/115453703131776271","error":""},"_links":{"self":[{"href":"https:\/\/www.europesays.com\/se\/wp-json\/wp\/v2\/posts\/66756","targetHints":{"allow":["GET"]}}],"collection":[{"href":"https:\/\/www.europesays.com\/se\/wp-json\/wp\/v2\/posts"}],"about":[{"href":"https:\/\/www.europesays.com\/se\/wp-json\/wp\/v2\/types\/post"}],"author":[{"embeddable":true,"href":"https:\/\/www.europesays.com\/se\/wp-json\/wp\/v2\/users\/2"}],"replies":[{"embeddable":true,"href":"https:\/\/www.europesays.com\/se\/wp-json\/wp\/v2\/comments?post=66756"}],"version-history":[{"count":0,"href":"https:\/\/www.europesays.com\/se\/wp-json\/wp\/v2\/posts\/66756\/revisions"}],"wp:featuredmedia":[{"embeddable":true,"href":"https:\/\/www.europesays.com\/se\/wp-json\/wp\/v2\/media\/66757"}],"wp:attachment":[{"href":"https:\/\/www.europesays.com\/se\/wp-json\/wp\/v2\/media?parent=66756"}],"wp:term":[{"taxonomy":"category","embeddable":true,"href":"https:\/\/www.europesays.com\/se\/wp-json\/wp\/v2\/categories?post=66756"},{"taxonomy":"post_tag","embeddable":true,"href":"https:\/\/www.europesays.com\/se\/wp-json\/wp\/v2\/tags?post=66756"}],"curies":[{"name":"wp","href":"https:\/\/api.w.org\/{rel}","templated":true}]}}