{"id":66763,"date":"2025-10-28T20:58:19","date_gmt":"2025-10-28T20:58:19","guid":{"rendered":"https:\/\/www.europesays.com\/se\/66763\/"},"modified":"2025-10-28T20:58:19","modified_gmt":"2025-10-28T20:58:19","slug":"2-000-civila-har-avrattats-pa-48-timmar","status":"publish","type":"post","link":"https:\/\/www.europesays.com\/se\/66763\/","title":{"rendered":"2 000 civila har avr\u00e4ttats \u2013 p\u00e5 48 timmar"},"content":{"rendered":"<p>Publicerad 28 okt 2025 kl 17.09<\/p>\n<p>Inb\u00f6rdeskriget i Sudan forts\u00e4tter sk\u00f6rda civila offer.<\/p>\n<p>Enligt en rapport fr\u00e5n Yale Univeristy har \u00f6ver 2 000 m\u00e4nniskor, bland dem kvinnor och barn, avr\u00e4ttats p\u00e5 48 timmar i el-Fasher sedan staden togs av RSF-rebeller.<\/p>\n<p>Senaste nyhetsklippen fr\u00e5n Expressen.<img   alt=\"\"\/><\/p>\n<p>RSF-soldater i juni 2019.<\/p>\n<p>Foto: Hussein Malla \/ AP TT NYHETSBYR\u00c5N<\/p>\n<p>\u00d6ppna bild i helsk\u00e4rm<\/p>\n<p>Efter n\u00e4ra tv\u00e5 \u00e5rs bel\u00e4gring har v\u00e4stsudanesiska staden el-Fasher fallit. Staden var den sista utposten f\u00f6r regeringsstyrkorna i v\u00e4stra <a href=\"https:\/\/www.expressen.se\/tagg\/location\/sudan\/\" class=\"\" rel=\"nofollow noopener\" target=\"_blank\">Sudan<\/a>.<\/p>\n<p>P\u00e5 tv\u00e5 dagar efter att staden f\u00f6ll i rebellernas h\u00e4nder ska \u00f6ver 2 000 civila m\u00e4nniskor ha m\u00f6rdats, d\u00e4r merparten ska ha varit kvinnor, \u00e4ldre och barn. Det visar en rapport fr\u00e5n Yale University d\u00e4r man granskat satellitbilder samt \u00f6ppet k\u00e4llmaterial.<\/p>\n<p>I rapporten skriver man att en slags hus-till-hus-taktik anv\u00e4nts av rebellerna och att avr\u00e4ttningarna mycket v\u00e4l kan vara \u201dbrott mot m\u00e4nskligheten och kan \u00f6verg\u00e5 till folkmord\u201d.<\/p>\n<p>\u00d6ver 30 miljoner m\u00e4nniskor i behov av humanit\u00e4rt st\u00f6d<\/p>\n<p>Omar al-Bashir var landets diktator fram till 2019 d\u00e5 han st\u00f6rtades av krafter fr\u00e5n arm\u00e9n och rebellgrupper som gick samman.<\/p>\n<p>Men snarare \u00e4n att fullf\u00f6lja planerna p\u00e5 demokratiska val inom tre \u00e5r, st\u00f6rtade \u00f6verg\u00e5ngsregeringen samman 2021, och i st\u00e4llet f\u00f6r att ha civilister i regeringen fick landet ett styre best\u00e5ende av rebellrepresentanter fr\u00e5n RSF och arm\u00e9n.<\/p>\n<p>Inb\u00f6rdeskriget i Sudan har p\u00e5g\u00e5tt sedan v\u00e5ren 2023 d\u00e5 landets arm\u00e9chef Abdel Fattah al-Burhan och rebellgruppen RSF:s ledare Omar al-Bashir till slut inte kunde enas om vem som skulle styra landet.<\/p>\n<p>\u00d6ver 30 miljoner m\u00e4nniskor bed\u00f6ms vara i behov av humanit\u00e4rt st\u00f6d.<\/p>\n<p>\u2013 Sudan \u00e4r v\u00e4rldens st\u00f6rsta humanit\u00e4ra kris. Konflikten eskalerar, och barnen betalar det h\u00f6gsta priset, s\u00e4ger Unicef-chefen Ted Chaiban i ett pressmeddelande.<\/p>\n<p><strong>L\u00c4S MER: <\/strong><a href=\"https:\/\/www.expressen.se\/nyheter\/varlden\/motstandsfastet-omringat-massvalt-bland-barnen\/\" class=\"\" rel=\"nofollow noopener\" target=\"_blank\">Motst\u00e5ndsf\u00e4stet omringat \u2013 massv\u00e4lt bland barnen<\/a><\/p>\n","protected":false},"excerpt":{"rendered":"Publicerad 28 okt 2025 kl 17.09 Inb\u00f6rdeskriget i Sudan forts\u00e4tter sk\u00f6rda civila offer. Enligt en rapport fr\u00e5n Yale&hellip;\n","protected":false},"author":2,"featured_media":66764,"comment_status":"","ping_status":"","sticky":false,"template":"","format":"standard","meta":{"footnotes":""},"categories":[5],"tags":[50,22,23,26,27,17,21,24,25,6099,28,29,15,16,18,34,55,31,33,32,30,19,60,49,20],"class_list":{"0":"post-66763","1":"post","2":"type-post","3":"status-publish","4":"format-standard","5":"has-post-thumbnail","7":"category-rubriker","8":"tag-arme-forsvar","9":"tag-breaking-news","10":"tag-breakingnews","11":"tag-featured-news","12":"tag-featurednews","13":"tag-headlines","14":"tag-huvudnyheter","15":"tag-latest-news","16":"tag-latestnews","17":"tag-location-sudan","18":"tag-main-news","19":"tag-mainnews","20":"tag-news","21":"tag-nyheter","22":"tag-rubriker","23":"tag-se","24":"tag-sections-varlden","25":"tag-svenska","26":"tag-sverige","27":"tag-sweden","28":"tag-swedish","29":"tag-top-stories","30":"tag-topic-krig-konflikt","31":"tag-topic-militar","32":"tag-topstories"},"share_on_mastodon":{"url":"https:\/\/pubeurope.com\/@se\/115453801454303060","error":""},"_links":{"self":[{"href":"https:\/\/www.europesays.com\/se\/wp-json\/wp\/v2\/posts\/66763","targetHints":{"allow":["GET"]}}],"collection":[{"href":"https:\/\/www.europesays.com\/se\/wp-json\/wp\/v2\/posts"}],"about":[{"href":"https:\/\/www.europesays.com\/se\/wp-json\/wp\/v2\/types\/post"}],"author":[{"embeddable":true,"href":"https:\/\/www.europesays.com\/se\/wp-json\/wp\/v2\/users\/2"}],"replies":[{"embeddable":true,"href":"https:\/\/www.europesays.com\/se\/wp-json\/wp\/v2\/comments?post=66763"}],"version-history":[{"count":0,"href":"https:\/\/www.europesays.com\/se\/wp-json\/wp\/v2\/posts\/66763\/revisions"}],"wp:featuredmedia":[{"embeddable":true,"href":"https:\/\/www.europesays.com\/se\/wp-json\/wp\/v2\/media\/66764"}],"wp:attachment":[{"href":"https:\/\/www.europesays.com\/se\/wp-json\/wp\/v2\/media?parent=66763"}],"wp:term":[{"taxonomy":"category","embeddable":true,"href":"https:\/\/www.europesays.com\/se\/wp-json\/wp\/v2\/categories?post=66763"},{"taxonomy":"post_tag","embeddable":true,"href":"https:\/\/www.europesays.com\/se\/wp-json\/wp\/v2\/tags?post=66763"}],"curies":[{"name":"wp","href":"https:\/\/api.w.org\/{rel}","templated":true}]}}