{"id":66773,"date":"2025-10-28T21:16:10","date_gmt":"2025-10-28T21:16:10","guid":{"rendered":"https:\/\/www.europesays.com\/se\/66773\/"},"modified":"2025-10-28T21:16:10","modified_gmt":"2025-10-28T21:16:10","slug":"stortorsk-for-u23-landslaget-svenskafans","status":"publish","type":"post","link":"https:\/\/www.europesays.com\/se\/66773\/","title":{"rendered":"Stortorsk f\u00f6r U23-landslaget &#8211; SvenskaFans"},"content":{"rendered":"<p>Sverige gick inte s\u00e5 bra under m\u00e5ndagskv\u00e4llen mot Tyskland.<\/p>\n<p>N\u00e4e, det g\u00e5r inte s\u00e5 bra f\u00f6r Sveriges damlag. 4-0-f\u00f6rlust f\u00f6r A-laget i fredags, och ig\u00e5r spelade Sveriges U23-landslag mot Tyskland. Vad tror ni det blev? 4-0 till tyskarna p\u00e5 Malm\u00f6 IP. <\/p>\n<p style=\"line-height: 1.38; margin-top: 0pt; margin-bottom: 0pt\">Extremt tungt. <\/p>\n<p style=\"line-height: 1.38; margin-top: 0pt; margin-bottom: 0pt\">U23-f\u00f6rbundskapten Pierre Fondin s\u00e4ger till det <a target=\"_blank\" href=\"https:\/\/www.svenskfotboll.se\/nyheter\/landslag\/2025\/10\/u23-swe-ger\/\" rel=\"nofollow noopener\">Svenska Fotbollsf\u00f6rbundets hemsida <\/a>: <\/p>\n<p style=\"line-height: 1.38; margin-top: 0pt; margin-bottom: 0pt\">&#8211; Det \u00e4r s\u00e5klart tr\u00e5kigt att f\u00f6rlora med 4-0. I de perioderna d\u00e4r vi spelar lite rakare s\u00e5 \u00e4r Tyskland extremt duktiga p\u00e5 att straffa oss, det \u00e4r framf\u00f6rallt en halvtimme in i b\u00e5da halvlekarna. N\u00e4r spelet g\u00e5r fram och tillbaka \u00e4r de vassa p\u00e5 att b\u00e5de skapa chanser men framf\u00f6r allt g\u00f6ra m\u00e5l. <\/p>\n<p style=\"line-height: 1.38; margin-top: 0pt; margin-bottom: 0pt\"><strong>Sverige U23 &#8211; Tyskland U23: <\/strong>0-4 (0-1). <\/p>\n<p style=\"line-height: 1.38; margin-top: 0pt; margin-bottom: 0pt\"><strong>M\u00e5lskyttar: <\/strong>0-1 &#8211; Larissa M\u00fchlhaus (30). 0-2 &#8211; Marie Steiner (69). 0-3 &#8211; Mara Alber (75). 0-4 &#8211; Mathilde Janzen (90+1). <\/p>\n<p style=\"line-height: 1.38; margin-top: 0pt; margin-bottom: 0pt\"><strong>Sveriges U23:s startelva: <\/strong><\/p>\n<p style=\"line-height: 1.38; margin-top: 0pt; margin-bottom: 0pt\">Johanna Lundgren &#8211; Alice Bergstr\u00f6m, Sofia Reidy, Bella Andersson, Hanna Wijk &#8211; Emilia Pelgander (Athinna Persson Lundgren, 80), Bea Sprung (Ida Bj\u00f6rnberg, 80) &#8211; Johanna Renmark (Lucia Duras, 80), Lisa Bj\u00f6rk (Elsa Pelgander, 37), Matilda Nild\u00e9n (Johanna Svedberg, 80) &#8211; Ellen Wangerheim. <\/p>\n<p style=\"line-height: 1.38; margin-top: 0pt; margin-bottom: 0pt\"><strong>Ers\u00e4ttare: <\/strong><\/p>\n<p style=\"line-height: 1.38; margin-top: 0pt; margin-bottom: 0pt\">Ebba Steen, Tilda Tortstensson, Hannah Sj\u00f6dahl, Svea Rehnberg, Agnes M\u00e5rtensson, Nesrin Akg\u00fcn, Elin Westlund. <\/p>\n<p style=\"line-height: 1.38; margin-top: 0pt; margin-bottom: 0pt\"><strong>Tyskland U23:s startelva: <\/strong><\/p>\n<p style=\"line-height: 1.38; margin-top: 0pt; margin-bottom: 0pt\">Thea Farwick &#8211; Estrella Merino Gonzalez, Jella Veit (Greta Stegemann, 46), Julia Landenberger, Julia Mickenhagen &#8211; Lisanne Gr\u00e4we (Mathilde Janzen, 46), Kathina Piljic (Ilayda Acikg\u00f6z, 75) &#8211; Mara Alber (Delice Boboy, 80), Larissa M\u00fchlhaus (Selina Vobian, 46), Marie Steiner &#8211; Sophie Weidauer (Tessa Blumenberg, 58). <\/p>\n<p style=\"line-height: 1.38; margin-top: 0pt; margin-bottom: 0pt\"><strong>Ers\u00e4ttare: <\/strong><\/p>\n<p style=\"line-height: 1.38; margin-top: 0pt; margin-bottom: 0pt\">Maria Luisa Grohs, Kiara Beck, Laura Gloning, Dilara Acikg\u00f6z, Vanessa Diehm, Lisa Baum. <\/p>\n<p><img decoding=\"async\" src=\"https:\/\/www.europesays.com\/se\/wp-content\/uploads\/2025\/10\/4Hg1veXi3QAm09EKbmjmumV4cxuXM8bz5dt45eIk.jpg\"\/><\/p>\n","protected":false},"excerpt":{"rendered":"Sverige gick inte s\u00e5 bra under m\u00e5ndagskv\u00e4llen mot Tyskland. N\u00e4e, det g\u00e5r inte s\u00e5 bra f\u00f6r Sveriges damlag.&hellip;\n","protected":false},"author":2,"featured_media":66774,"comment_status":"","ping_status":"","sticky":false,"template":"","format":"standard","meta":{"footnotes":""},"categories":[68],"tags":[159,158,157,138,156,165,164,140,34,160,162,111,110,31,161,33,32,30,163],"class_list":{"0":"post-66773","1":"post","2":"type-post","3":"status-publish","4":"format-standard","5":"has-post-thumbnail","7":"category-sport","8":"tag-allsvenskan","9":"tag-fans","10":"tag-fantv","11":"tag-fotboll","12":"tag-hockey","13":"tag-matcher","14":"tag-matchprogram","15":"tag-premier-league","16":"tag-se","17":"tag-serie-a","18":"tag-spelschema","19":"tag-sport","20":"tag-sports","21":"tag-svenska","22":"tag-svenskafans","23":"tag-sverige","24":"tag-sweden","25":"tag-swedish","26":"tag-tabeller"},"share_on_mastodon":{"url":"https:\/\/pubeurope.com\/@se\/115453872379705133","error":""},"_links":{"self":[{"href":"https:\/\/www.europesays.com\/se\/wp-json\/wp\/v2\/posts\/66773","targetHints":{"allow":["GET"]}}],"collection":[{"href":"https:\/\/www.europesays.com\/se\/wp-json\/wp\/v2\/posts"}],"about":[{"href":"https:\/\/www.europesays.com\/se\/wp-json\/wp\/v2\/types\/post"}],"author":[{"embeddable":true,"href":"https:\/\/www.europesays.com\/se\/wp-json\/wp\/v2\/users\/2"}],"replies":[{"embeddable":true,"href":"https:\/\/www.europesays.com\/se\/wp-json\/wp\/v2\/comments?post=66773"}],"version-history":[{"count":0,"href":"https:\/\/www.europesays.com\/se\/wp-json\/wp\/v2\/posts\/66773\/revisions"}],"wp:featuredmedia":[{"embeddable":true,"href":"https:\/\/www.europesays.com\/se\/wp-json\/wp\/v2\/media\/66774"}],"wp:attachment":[{"href":"https:\/\/www.europesays.com\/se\/wp-json\/wp\/v2\/media?parent=66773"}],"wp:term":[{"taxonomy":"category","embeddable":true,"href":"https:\/\/www.europesays.com\/se\/wp-json\/wp\/v2\/categories?post=66773"},{"taxonomy":"post_tag","embeddable":true,"href":"https:\/\/www.europesays.com\/se\/wp-json\/wp\/v2\/tags?post=66773"}],"curies":[{"name":"wp","href":"https:\/\/api.w.org\/{rel}","templated":true}]}}