{"id":66789,"date":"2025-10-28T21:48:09","date_gmt":"2025-10-28T21:48:09","guid":{"rendered":"https:\/\/www.europesays.com\/se\/66789\/"},"modified":"2025-10-28T21:48:09","modified_gmt":"2025-10-28T21:48:09","slug":"hv-centerns-lattnad-556-dagar-senare-efterlangtat","status":"publish","type":"post","link":"https:\/\/www.europesays.com\/se\/66789\/","title":{"rendered":"HV-centerns l\u00e4ttnad &#8211; 556 dagar senare: &#8221;Efterl\u00e4ngtat&#8221;"},"content":{"rendered":"<p><strong>556 dagar hade g\u00e5tt sedan den senaste fulltr\u00e4ffen i SHL. D\u00e5 klev Linus Lindstr\u00f6m fram f\u00f6r HV71 \u2013 i \u00e5ngestm\u00f6tet med Link\u00f6ping. <\/strong><br \/><strong>\u2013\u00a0Det var sk\u00f6nt att spr\u00e4cka den d\u00e4r s\u00e5 att man slipper t\u00e4nka p\u00e5 det, s\u00e4ger han i TV4 under 3\u20132-segern.<\/strong><\/p>\n<p><img loading=\"lazy\" decoding=\"async\" width=\"1024\" height=\"658\" src=\"https:\/\/www.europesays.com\/se\/wp-content\/uploads\/2025\/10\/Lindstrom-1024x658.webp.webp\" alt=\"\" class=\"wp-image-319249\"  \/>Linus Lindstr\u00f6m vid sitt senaste SHL-m\u00e5l (h\u00f6ger). <strong>Foto<\/strong>: Bildbyr\u00e5n (montage).<\/p>\n<p>\u201dDet har varit lite annorlunda. Jag var ju borta ett \u00e5r. Nu har jag haft en lite tuff start. Jag f\u00f6rs\u00f6ker jobba p\u00e5 varje dag och bara bli b\u00e4ttre och b\u00e4ttre f\u00f6r att f\u00e5 allt att lossna\u201d. <\/p>\n<p>S\u00e5 l\u00e4t det n\u00e4r Linus Lindstr\u00f6m nyligen \u00f6ppnade upp om f\u00f6rsta tiden i <a href=\"https:\/\/hockeysverige.se\/klubb\/hv71\" rel=\"nofollow noopener\" target=\"_blank\">HV71<\/a> i en <a href=\"https:\/\/hockeysverige.se\/intervju\/linus-lindstrom-tuffa-start-hv71-frustrerande\/\" rel=\"nofollow noopener\" target=\"_blank\">intervju med hockeysverige.se.<\/a> Forwarden hade d\u00e5 gjort 14 matcher i sin nya klubb efter den l\u00e5nga fr\u00e5nvaron som gjorde att han missade hela 2024\/25, men stod allt j\u00e4mnt p\u00e5 noll inspelade po\u00e4ng. <\/p>\n<p>Idag, tisdag, var det dags f\u00f6r ett \u00e5ngestm\u00f6te mot rivalerna i <a href=\"https:\/\/hockeysverige.se\/klubb\/linkoping-hc\/\" rel=\"nofollow noopener\" target=\"_blank\">Link\u00f6ping<\/a>. D\u00e5 klev Lindstr\u00f6m till slut fram \u2013 556 dagar efter sin senaste fulltr\u00e4ff i SHL.<\/p>\n<p>\u2013\u00a0Ja, det var efterl\u00e4ngtat. Det var sk\u00f6nt att spr\u00e4cka den d\u00e4r s\u00e5 att man slipper t\u00e4nka p\u00e5 det, s\u00e4ger han om po\u00e4ngnollan i TV4. <br \/>\u2013 Det sitter lite grann, det tar ju p\u00e5 sj\u00e4lvf\u00f6rtroendet. Sen n\u00e4r man f\u00e5r l\u00e4gena \u00e4r man inte lika skarp som n\u00e4r man \u00e4r annars n\u00e4r man bara spelar p\u00e5 instinkt. Det var sk\u00f6nt att f\u00e5 dit den. <\/p>\n<p>Vinnare \u2013 trots missn\u00f6jet: \u201dKan spela b\u00e4ttre\u201d<\/p>\n<p>M\u00e5let innebar 2\u20131 i matchen f\u00f6r HV71, men \u00e4ven att laget var p\u00e5 v\u00e4g mot sin f\u00f6rsta seger p\u00e5 bortaplan denna s\u00e4song. Link\u00f6ping, som l\u00e5g sex po\u00e4ng f\u00f6r jumbon inf\u00f6r nedsl\u00e4pp, ligger sj\u00e4lva sist i hemmatabellen. <\/p>\n<p>\u2013\u00a0Jag tycker att vi kan spela mycket b\u00e4ttre. Andra perioden \u00e4r vi lite slarviga och ger dem mycket kontringar ist\u00e4llet f\u00f6r att f\u00e5 ner den djupt och l\u00e5ta dem f\u00e5 jobba f\u00f6r det ist\u00e4llet, s\u00e4ger Lindstr\u00f6m.<\/p>\n<p>Link\u00f6ping fick in en kvittering i tredje perioden genom Zion Nybeck, men ett skott fr\u00e5n Axel Rindell s\u00e4krade 3\u20132-segern f\u00f6r HV71. Lindstr\u00f6m, som var p\u00e5 isen \u00e4ven vid det m\u00e5let, noterades f\u00f6r en assist. Hans andra po\u00e4ng i HV-tr\u00f6jan.<\/p>\n<p> Source: <a href=\"https:\/\/www.eliteprospects.com\/player\/242668\/linus-lindstrom\" target=\"_blank\" rel=\"noopener noreferrer nofollow\">Linus Lindstr\u00f6m<\/a> @ Elite Prospects<\/p>\n","protected":false},"excerpt":{"rendered":"556 dagar hade g\u00e5tt sedan den senaste fulltr\u00e4ffen i SHL. D\u00e5 klev Linus Lindstr\u00f6m fram f\u00f6r HV71 \u2013&hellip;\n","protected":false},"author":2,"featured_media":66790,"comment_status":"","ping_status":"","sticky":false,"template":"","format":"standard","meta":{"footnotes":""},"categories":[68],"tags":[34,133,134,111,110,31,33,32,30],"class_list":{"0":"post-66789","1":"post","2":"type-post","3":"status-publish","4":"format-standard","5":"has-post-thumbnail","7":"category-sport","8":"tag-se","9":"tag-second-news","10":"tag-shl","11":"tag-sport","12":"tag-sports","13":"tag-svenska","14":"tag-sverige","15":"tag-sweden","16":"tag-swedish"},"share_on_mastodon":{"url":"https:\/\/pubeurope.com\/@se\/115453998172064071","error":""},"_links":{"self":[{"href":"https:\/\/www.europesays.com\/se\/wp-json\/wp\/v2\/posts\/66789","targetHints":{"allow":["GET"]}}],"collection":[{"href":"https:\/\/www.europesays.com\/se\/wp-json\/wp\/v2\/posts"}],"about":[{"href":"https:\/\/www.europesays.com\/se\/wp-json\/wp\/v2\/types\/post"}],"author":[{"embeddable":true,"href":"https:\/\/www.europesays.com\/se\/wp-json\/wp\/v2\/users\/2"}],"replies":[{"embeddable":true,"href":"https:\/\/www.europesays.com\/se\/wp-json\/wp\/v2\/comments?post=66789"}],"version-history":[{"count":0,"href":"https:\/\/www.europesays.com\/se\/wp-json\/wp\/v2\/posts\/66789\/revisions"}],"wp:featuredmedia":[{"embeddable":true,"href":"https:\/\/www.europesays.com\/se\/wp-json\/wp\/v2\/media\/66790"}],"wp:attachment":[{"href":"https:\/\/www.europesays.com\/se\/wp-json\/wp\/v2\/media?parent=66789"}],"wp:term":[{"taxonomy":"category","embeddable":true,"href":"https:\/\/www.europesays.com\/se\/wp-json\/wp\/v2\/categories?post=66789"},{"taxonomy":"post_tag","embeddable":true,"href":"https:\/\/www.europesays.com\/se\/wp-json\/wp\/v2\/tags?post=66789"}],"curies":[{"name":"wp","href":"https:\/\/api.w.org\/{rel}","templated":true}]}}