{"id":66805,"date":"2025-10-28T22:48:08","date_gmt":"2025-10-28T22:48:08","guid":{"rendered":"https:\/\/www.europesays.com\/se\/66805\/"},"modified":"2025-10-28T22:48:08","modified_gmt":"2025-10-28T22:48:08","slug":"paven-undertecknar-apostoliskt-brev-till-minne-av-60-arsjubileet-for-gravissimum-educationis","status":"publish","type":"post","link":"https:\/\/www.europesays.com\/se\/66805\/","title":{"rendered":"P\u00e5ven undertecknar apostoliskt brev till minne av 60-\u00e5rsjubileet f\u00f6r Gravissimum Educationis"},"content":{"rendered":"<p>P\u00e5ve Leo XIV undertecknade ett apostoliskt brev f\u00f6r att uppm\u00e4rksamma sextio\u00e5rsjubileet av Gravissimum Educationis, innan han, p\u00e5 m\u00e5ndagen, presiderade \u00f6ver en m\u00e4ssa f\u00f6r Utbildningens jubel\u00e5r.<\/p>\n<p><b>Vatican News<\/b><\/p>\n<p>Tillsammans med studenter fr\u00e5n de p\u00e5vliga universiteten, undertecknade, som en del av Utbildningens jubel\u00e5r, p\u00e5ve Leo XIV ett apostoliskt brev, skrivet f\u00f6r att fira sextio\u00e5rsjubileet av Gravissimum Educationis och f\u00f6r att reflektera \u00f6ver den aktuella betydelsen av det koncili\u00e4ra dokumentet samt de utmaningar som utbildningen st\u00e5r inf\u00f6r idag \u2013 s\u00e4rskilt f\u00f6r katolska skolor och universitet.<\/p>\n<p>Efter undertecknandet av dokumentet presiderade p\u00e5ven \u00f6ver en m\u00e4ssa i Peterskyrkan. I sin predikan p\u00e5minde han om den djupa symbolik som pr\u00e4glar pilgrimsvandringen som markerar jubel\u00e5ret.<\/p>\n<p>Han f\u00f6rklarade att, att kliva \u00f6ver heliga portens tr\u00f6skel, p\u00e5minner oss om att tron, liksom livet sj\u00e4lvt, inte \u00e4r statiskt. Det \u00e4r en st\u00e4ndig \u201d\u00f6verg\u00e5ng\u201d \u2013 fr\u00e5n d\u00f6d till liv, fr\u00e5n slaveri till frihet \u2013 en erfarenhet av p\u00e5skmysteriet som kallar oss till st\u00e4ndig f\u00f6rnyelse och hopp.<\/p>\n<p><b>En vidare blick<\/b> <\/p>\n<p>N\u00e4r han v\u00e4nde sig till studenter och akademiker st\u00e4llde p\u00e5ven fr\u00e5gan om vilken n\u00e5d som ber\u00f6r deras liv djupast, och svarade:<\/p>\n<p>\u201dDet \u00e4r n\u00e5den av en \u00f6vergripande vision, ett perspektiv som kan omfatta horisonten \u2013 som kan se bortom.\u201d<\/p>\n<p>Med utg\u00e5ngspunkt i Lukasevangeliet (13:10\u201317), d\u00e4r Jesus botar en kvinna som varit krokryggig i arton \u00e5r, j\u00e4mf\u00f6rde p\u00e5ven botandet med kunskapens g\u00e5va.<\/p>\n<p>Kvinnans tillst\u00e5nd, sade han, speglar det andliga och intellektuella tillst\u00e5ndet av slutenhet \u2013 of\u00f6rm\u00e5gan att se bortom sig sj\u00e4lv:<\/p>\n<p>\u201dN\u00e4r m\u00e4nniskan inte kan se bortom sig sj\u00e4lv, sina erfarenheter, id\u00e9er och \u00f6vertygelser, sina egna projekt,\u201d f\u00f6rklarade han, \u201dd\u00e5 f\u00f6rblir hon f\u00e5ngen, f\u00f6rslavad och of\u00f6rm\u00f6gen att bilda mogna omd\u00f6men.\u201d<\/p>\n<p><b>Sann studier &#8211; en handling av befrielse<\/b> <\/p>\n<p>Liksom Kristus reste kvinnan upp, s\u00e5 lyfter \u00e4ven l\u00e4randet den m\u00e4nskliga anden \u2013 botar sj\u00e4lviskhet och sk\u00e4nker en vidare syn, en som omfattar mysterium, sanning och gemenskap med andra.<\/p>\n<p>\u201dDe som studerar blir \u2019upplyfta\u2019,\u201d sa p\u00e5ven, \u201dde vidgar sina horisonter f\u00f6r att \u00e5terfinna en blick som inte riktas ned\u00e5t, utan upp\u00e5t \u2013 mot Gud, andra och livets mysterium.\u201d<\/p>\n<p><b>Tron och f\u00f6rnuftets enhet<\/b> <\/p>\n<p>P\u00e5ven uttryckte sedan sorg \u00f6ver att den moderna v\u00e4rlden har blivit \u201dexperter p\u00e5 verklighetens minsta detaljer\u201d, men har f\u00f6rlorat f\u00f6rm\u00e5gan att se helheten \u2013 att f\u00f6rena kunskap med mening.<\/p>\n<p>Mot denna splittring uppmanade han forskare att \u00e5teruppt\u00e4cka harmonin mellan intellekt och ande, en enhet som f\u00f6rkroppsligas av helgon som Augustinus, Thomas av Aquino, Teresa av \u00c1vila och Edith Stein.<\/p>\n<p>\u201dKyrkan beh\u00f6ver detta enade perspektiv \u2013 b\u00e5de f\u00f6r idag och f\u00f6r framtiden,\u201d fortsatte han, och uppmanade studenter och professorer att se till att deras akademiska arbete inte blir \u201den abstrakt intellektuell \u00f6vning\u201d, utan en kraft som f\u00f6rvandlar livet, f\u00f6rdjupar tron och st\u00e4rker vittnesb\u00f6rdet om evangeliet.<\/p>\n<p><b>Utbildning som en k\u00e4rlekshandling<\/b> <\/p>\n<p>P\u00e5ven beskrev sedan l\u00e4rarens uppdrag som ett sant barmh\u00e4rtighetsverk. Undervisning, sade han, liknar evangeliets mirakel:<\/p>\n<p>\u201dL\u00e4rarens uppgift \u00e4r att lyfta upp personer, hj\u00e4lpa dem att bli sig sj\u00e4lva och utveckla samveten som \u00e4r upplysta och f\u00f6rm\u00f6gna till kritiskt t\u00e4nkande.\u201d<\/p>\n<p>De p\u00e5vliga universiteten, uppmanade han, m\u00e5ste forts\u00e4tta detta Jesu uppdrag \u2013 en form av k\u00e4rlek uttryckt genom studier.<\/p>\n<p>Att m\u00e4tta hungern efter sanning, fortsatte han, \u00e4r inte bara en akademisk plikt utan en livsviktig m\u00e4nsklig uppgift:<\/p>\n<p>\u201dAtt stilla hungern efter sanning och mening \u00e4r en n\u00f6dv\u00e4ndig uppgift, f\u00f6r utan dem skulle vi falla i tomhet och till och med d\u00f6,\u201d sade han.<\/p>\n<p><b>En tillh\u00f6righetens resa<\/b> <\/p>\n<p>N\u00e4r han avslutade sin predikan p\u00e5minde p\u00e5ven de n\u00e4rvarande om att s\u00f6kandet efter sanning inte bara avsl\u00f6jar kunskap, utan ocks\u00e5 tillh\u00f6righet. Han citerade sposteln Paulus ord:<\/p>\n<p>\u201dNi har inte f\u00e5tt en ande som g\u00f6r er till slavar, s\u00e5 att ni p\u00e5 nytt skulle leva i fruktan, utan ni har f\u00e5tt en ande som ger s\u00f6ners r\u00e4tt\u201d (Rom 8:15).<\/p>\n<p>I studier och forskning, sade han, kan varje m\u00e4nniska \u00e5teruppt\u00e4cka den djupaste sanningen av alla: att vi inte \u00e4r ensamma, utan tillh\u00f6r en k\u00e4rleksfull Fader som har en plan f\u00f6r v\u00e5ra liv.<\/p>\n<p>Till slut bad p\u00e5ven att alla som verkar inom den akademiska kallelsen m\u00e5 vara: \u201dm\u00e4n och kvinnor som aldrig b\u00f6jer sig in mot sig sj\u00e4lva, utan alltid st\u00e5r uppr\u00e4tta \u2013 b\u00e4rande gl\u00e4djen och tr\u00f6sten fr\u00e5n evangeliet vart ni \u00e4n g\u00e5r.\u201d<\/p>\n","protected":false},"excerpt":{"rendered":"P\u00e5ve Leo XIV undertecknade ett apostoliskt brev f\u00f6r att uppm\u00e4rksamma sextio\u00e5rsjubileet av Gravissimum Educationis, innan han, p\u00e5 m\u00e5ndagen,&hellip;\n","protected":false},"author":2,"featured_media":66806,"comment_status":"","ping_status":"","sticky":false,"template":"","format":"standard","meta":{"footnotes":""},"categories":[14],"tags":[22,23,26,27,17,21,24,25,28,29,15,16,18,34,31,33,32,30,19,20,51,52,53,54],"class_list":{"0":"post-66805","1":"post","2":"type-post","3":"status-publish","4":"format-standard","5":"has-post-thumbnail","7":"category-varlden","8":"tag-breaking-news","9":"tag-breakingnews","10":"tag-featured-news","11":"tag-featurednews","12":"tag-headlines","13":"tag-huvudnyheter","14":"tag-latest-news","15":"tag-latestnews","16":"tag-main-news","17":"tag-mainnews","18":"tag-news","19":"tag-nyheter","20":"tag-rubriker","21":"tag-se","22":"tag-svenska","23":"tag-sverige","24":"tag-sweden","25":"tag-swedish","26":"tag-top-stories","27":"tag-topstories","28":"tag-varlden","29":"tag-world","30":"tag-world-news","31":"tag-worldnews"},"share_on_mastodon":{"url":"https:\/\/pubeurope.com\/@se\/115454233987921930","error":""},"_links":{"self":[{"href":"https:\/\/www.europesays.com\/se\/wp-json\/wp\/v2\/posts\/66805","targetHints":{"allow":["GET"]}}],"collection":[{"href":"https:\/\/www.europesays.com\/se\/wp-json\/wp\/v2\/posts"}],"about":[{"href":"https:\/\/www.europesays.com\/se\/wp-json\/wp\/v2\/types\/post"}],"author":[{"embeddable":true,"href":"https:\/\/www.europesays.com\/se\/wp-json\/wp\/v2\/users\/2"}],"replies":[{"embeddable":true,"href":"https:\/\/www.europesays.com\/se\/wp-json\/wp\/v2\/comments?post=66805"}],"version-history":[{"count":0,"href":"https:\/\/www.europesays.com\/se\/wp-json\/wp\/v2\/posts\/66805\/revisions"}],"wp:featuredmedia":[{"embeddable":true,"href":"https:\/\/www.europesays.com\/se\/wp-json\/wp\/v2\/media\/66806"}],"wp:attachment":[{"href":"https:\/\/www.europesays.com\/se\/wp-json\/wp\/v2\/media?parent=66805"}],"wp:term":[{"taxonomy":"category","embeddable":true,"href":"https:\/\/www.europesays.com\/se\/wp-json\/wp\/v2\/categories?post=66805"},{"taxonomy":"post_tag","embeddable":true,"href":"https:\/\/www.europesays.com\/se\/wp-json\/wp\/v2\/tags?post=66805"}],"curies":[{"name":"wp","href":"https:\/\/api.w.org\/{rel}","templated":true}]}}