{"id":66807,"date":"2025-10-28T22:50:16","date_gmt":"2025-10-28T22:50:16","guid":{"rendered":"https:\/\/www.europesays.com\/se\/66807\/"},"modified":"2025-10-28T22:50:16","modified_gmt":"2025-10-28T22:50:16","slug":"overgreppen-skakar-skolor-jag-vagade-inte-saga-stopp-min-kropp-unt","status":"publish","type":"post","link":"https:\/\/www.europesays.com\/se\/66807\/","title":{"rendered":"\u00d6vergreppen skakar skolor: &quot;Jag v\u00e5gade inte s\u00e4ga stopp min kropp&quot; &#8211; UNT"},"content":{"rendered":"<ol>\n<li><a href=\"https:\/\/news.google.com\/rss\/articles\/CBMitAFBVV95cUxNSS0yNkpoMVhBeUdmdWJLSXVPN0dxT2FlUV8tSTRYZkt6aE0xa2o4V1ZuNW9zMGQtQVRIRktXM3ljZnUxT3Jld3huUE9jSTR3TzB1d21vOHBVOUpxeWYwa0JVdzkya3NCTjBoM3E0RV9FdEFNZ2Rucng0ZGdMaVZPNGRkLVBSY0ZzY0RBMldLOC1fMGUtWHFRcXVFTFlHampxdW5KR21FUC1xQXdrdlIwaE9hcU8?oc=5\" target=\"_blank\" rel=\"nofollow noopener\">\u00d6vergreppen skakar skolor: &#8221;Jag v\u00e5gade inte s\u00e4ga stopp min kropp&#8221;<\/a>&nbsp;&nbsp;UNT<\/li>\n<li><a href=\"https:\/\/news.google.com\/rss\/articles\/CBMirAFBVV95cUxOX2dKNG1kandQU1lpUF92LTQ4YXUwMkZ0OVk1akt4T3pBTUdKempUa3B3dlNBa0RYU3liVmpWR1RqVGJoRGNaM1gwTUxJVVRUcVdFOUo4NklsV2F3RmUwSl9fWS1GSVVnY0hfdTVQOWN2R3N2bEVxQ1V1cDZXNHUzZi0tWEx2WFQtZkV5dWpRZ2wyMnBSeG9WV0pnYndtQ2p5VUp3QlNhMGg2SXRH?oc=5\" target=\"_blank\" rel=\"nofollow noopener\">Skolassistent d\u00f6ms f\u00f6r flera sexualbrott mot l\u00e5gstadieflickor<\/a>&nbsp;&nbsp;Aftonbladet<\/li>\n<li><a href=\"https:\/\/news.google.com\/rss\/articles\/CBMirgFBVV95cUxOdmRwRTBHREtxalMydXltU2tmdnNqaE5TaTZtLUJTbXVsQW9fdDI0SWJ4V2RMTEJWM0pJdEFMZTZhWHJ6OXJRT0tPS1dQTUVSN3pMMnl1dmVUYkFNa3lUS1R6N1VMNFhZN2VkU0dCOVVJYU9yVzl6RUxBTVBra09JZTRqbDJrVXRKeDBEeVF3azhJTnZCLU5YMm5mZE43QTFoTWxhZW91NGJOYW5GOGc?oc=5\" target=\"_blank\" rel=\"nofollow noopener\">Tidigare skolanst\u00e4lld d\u00f6ms f\u00f6r grova sexualbrott mot barn i Uppsala<\/a>&nbsp;&nbsp;SVT Nyheter<\/li>\n<li><a href=\"https:\/\/news.google.com\/rss\/articles\/CBMiqwFBVV95cUxPS01rUXJ4cVVLYlE5V09HTExJbFc4TTZXMGswOWN2Zkd5dTZsTG5ERWNCU1AyaEVxNGpjWlhMTEY0U0pWSGxtVElHZ21pVjBQMjJuYl82RmY3aWhFOWNKYW9fdXc0YlpKX1FDZ1ZlZE5tQS1BNXFZU0FWUmFZUllwdHliS3RTV1d4YWQteHdqcklhblhldjhEMzRSNjR0elRXZENkMmlmbzZ6WVU?oc=5\" target=\"_blank\" rel=\"nofollow noopener\">Elevassistenten d\u00f6ms f\u00f6r brott mot 16 flickor i Uppsala<\/a>&nbsp;&nbsp;UNT<\/li>\n<li><a href=\"https:\/\/news.google.com\/rss\/articles\/CBMiiwFBVV95cUxOVDhpLVdaemU4bnpkZTAzM3BHcEdaY3hqZ0VOWlFZS1VTdXY2d1FGQWZTc2NXdi0zeHI2MUJjTkxnNzdGaTVWcTNVMDRtV2pudFdzaDNWNmpGdS1BQkpSdlZxMFVUaUM1UUZHMkZFdlVGX0Vzcy1ZaENhY0d0WVBVbnBRLUxxNDBmUkgw?oc=5\" target=\"_blank\" rel=\"nofollow noopener\">Skolanst\u00e4lld d\u00f6ms f\u00f6r sexbrott mot flickor i Uppsala<\/a>&nbsp;&nbsp;Expressen<\/li>\n<\/ol>\n","protected":false},"excerpt":{"rendered":"\u00d6vergreppen skakar skolor: &#8221;Jag v\u00e5gade inte s\u00e4ga stopp min kropp&#8221;&nbsp;&nbsp;UNT Skolassistent d\u00f6ms f\u00f6r flera sexualbrott mot l\u00e5gstadieflickor&nbsp;&nbsp;Aftonbladet Tidigare&hellip;\n","protected":false},"author":2,"featured_media":66808,"comment_status":"","ping_status":"","sticky":false,"template":"","format":"standard","meta":{"footnotes":""},"categories":[5],"tags":[22,23,26,27,17,21,24,25,28,29,15,16,18,34,31,33,32,30,19,20],"class_list":{"0":"post-66807","1":"post","2":"type-post","3":"status-publish","4":"format-standard","5":"has-post-thumbnail","7":"category-rubriker","8":"tag-breaking-news","9":"tag-breakingnews","10":"tag-featured-news","11":"tag-featurednews","12":"tag-headlines","13":"tag-huvudnyheter","14":"tag-latest-news","15":"tag-latestnews","16":"tag-main-news","17":"tag-mainnews","18":"tag-news","19":"tag-nyheter","20":"tag-rubriker","21":"tag-se","22":"tag-svenska","23":"tag-sverige","24":"tag-sweden","25":"tag-swedish","26":"tag-top-stories","27":"tag-topstories"},"share_on_mastodon":{"url":"https:\/\/pubeurope.com\/@se\/115454241887902641","error":""},"_links":{"self":[{"href":"https:\/\/www.europesays.com\/se\/wp-json\/wp\/v2\/posts\/66807","targetHints":{"allow":["GET"]}}],"collection":[{"href":"https:\/\/www.europesays.com\/se\/wp-json\/wp\/v2\/posts"}],"about":[{"href":"https:\/\/www.europesays.com\/se\/wp-json\/wp\/v2\/types\/post"}],"author":[{"embeddable":true,"href":"https:\/\/www.europesays.com\/se\/wp-json\/wp\/v2\/users\/2"}],"replies":[{"embeddable":true,"href":"https:\/\/www.europesays.com\/se\/wp-json\/wp\/v2\/comments?post=66807"}],"version-history":[{"count":0,"href":"https:\/\/www.europesays.com\/se\/wp-json\/wp\/v2\/posts\/66807\/revisions"}],"wp:featuredmedia":[{"embeddable":true,"href":"https:\/\/www.europesays.com\/se\/wp-json\/wp\/v2\/media\/66808"}],"wp:attachment":[{"href":"https:\/\/www.europesays.com\/se\/wp-json\/wp\/v2\/media?parent=66807"}],"wp:term":[{"taxonomy":"category","embeddable":true,"href":"https:\/\/www.europesays.com\/se\/wp-json\/wp\/v2\/categories?post=66807"},{"taxonomy":"post_tag","embeddable":true,"href":"https:\/\/www.europesays.com\/se\/wp-json\/wp\/v2\/tags?post=66807"}],"curies":[{"name":"wp","href":"https:\/\/api.w.org\/{rel}","templated":true}]}}