{"id":66887,"date":"2025-10-29T04:22:07","date_gmt":"2025-10-29T04:22:07","guid":{"rendered":"https:\/\/www.europesays.com\/se\/66887\/"},"modified":"2025-10-29T04:22:07","modified_gmt":"2025-10-29T04:22:07","slug":"blinda-patienter-far-tillbaka-lasformagan-for-forsta-gangen-med-ett-mikroskopiskt-implantat","status":"publish","type":"post","link":"https:\/\/www.europesays.com\/se\/66887\/","title":{"rendered":"Blinda patienter f\u00e5r tillbaka l\u00e4sf\u00f6rm\u00e5gan f\u00f6r f\u00f6rsta g\u00e5ngen med ett mikroskopiskt implantat"},"content":{"rendered":"<p>I en operationssal p\u00e5 ett sjukhus i London v\u00e4cktes pl\u00f6tsligt hoppet igen.<\/p>\n<p>Sheila Irvine, en 67-\u00e5rig brittisk kvinna, hade levt i \u00e5ratal med tv\u00e5 m\u00f6rka fl\u00e4ckar mitt i synf\u00e4ltet. Bokst\u00e4ver, ord, ansikten \u2013 alltihop hade f\u00f6rsvunnit.<\/p>\n<p>Men efter en kort operation och m\u00e5nga m\u00e5naders tr\u00e4ning b\u00f6rjade hon l\u00e5ngsamt kunna l\u00e4sa igen.<\/p>\n<p>&#8221;Det var s\u00e5 sp\u00e4nnande n\u00e4r jag s\u00e5g min f\u00f6rsta bokstav. Ju mer jag \u00f6vade, desto mer l\u00e4rde jag mig. Nu kan jag l\u00e4sa b\u00f6cker, l\u00f6sa korsord och se liten text p\u00e5 burkar igen&#8221;, ber\u00e4ttar Sheila Irvine i ett <a href=\"https:\/\/www.ucl.ac.uk\/news\/2025\/oct\/pioneering-eye-device-restores-reading-vision-blind-eyes\" target=\"_blank\" class=\"hover:font-bold\" rel=\"nofollow noopener\">pressmeddelande<\/a>.<\/p>\n<p>Hon \u00e4r en av 38 deltagare i en europeisk studie i vilken forskare vid University College London och Moorfields Eye Hospital har testat en helt ny teknik:<\/p>\n","protected":false},"excerpt":{"rendered":"I en operationssal p\u00e5 ett sjukhus i London v\u00e4cktes pl\u00f6tsligt hoppet igen. Sheila Irvine, en 67-\u00e5rig brittisk kvinna,&hellip;\n","protected":false},"author":2,"featured_media":66888,"comment_status":"","ping_status":"","sticky":false,"template":"","format":"standard","meta":{"footnotes":""},"categories":[69],"tags":[113,112,34,31,33,32,30],"class_list":{"0":"post-66887","1":"post","2":"type-post","3":"status-publish","4":"format-standard","5":"has-post-thumbnail","7":"category-halsa","8":"tag-halsa","9":"tag-health","10":"tag-se","11":"tag-svenska","12":"tag-sverige","13":"tag-sweden","14":"tag-swedish"},"share_on_mastodon":{"url":"https:\/\/pubeurope.com\/@se\/115455547312273433","error":""},"_links":{"self":[{"href":"https:\/\/www.europesays.com\/se\/wp-json\/wp\/v2\/posts\/66887","targetHints":{"allow":["GET"]}}],"collection":[{"href":"https:\/\/www.europesays.com\/se\/wp-json\/wp\/v2\/posts"}],"about":[{"href":"https:\/\/www.europesays.com\/se\/wp-json\/wp\/v2\/types\/post"}],"author":[{"embeddable":true,"href":"https:\/\/www.europesays.com\/se\/wp-json\/wp\/v2\/users\/2"}],"replies":[{"embeddable":true,"href":"https:\/\/www.europesays.com\/se\/wp-json\/wp\/v2\/comments?post=66887"}],"version-history":[{"count":0,"href":"https:\/\/www.europesays.com\/se\/wp-json\/wp\/v2\/posts\/66887\/revisions"}],"wp:featuredmedia":[{"embeddable":true,"href":"https:\/\/www.europesays.com\/se\/wp-json\/wp\/v2\/media\/66888"}],"wp:attachment":[{"href":"https:\/\/www.europesays.com\/se\/wp-json\/wp\/v2\/media?parent=66887"}],"wp:term":[{"taxonomy":"category","embeddable":true,"href":"https:\/\/www.europesays.com\/se\/wp-json\/wp\/v2\/categories?post=66887"},{"taxonomy":"post_tag","embeddable":true,"href":"https:\/\/www.europesays.com\/se\/wp-json\/wp\/v2\/tags?post=66887"}],"curies":[{"name":"wp","href":"https:\/\/api.w.org\/{rel}","templated":true}]}}