{"id":66928,"date":"2025-10-29T05:50:25","date_gmt":"2025-10-29T05:50:25","guid":{"rendered":"https:\/\/www.europesays.com\/se\/66928\/"},"modified":"2025-10-29T05:50:25","modified_gmt":"2025-10-29T05:50:25","slug":"statsministerns-dotter-hade-fest-pa-harpsund","status":"publish","type":"post","link":"https:\/\/www.europesays.com\/se\/66928\/","title":{"rendered":"Statsministerns dotter hade fest p\u00e5 Harpsund"},"content":{"rendered":"<p>Statsminister Ulf Kristersson har l\u00e5tit sin dotter och hennes studentf\u00f6rening ha en privat fest p\u00e5 Harpsund, rapporterar Aftonbladet. Festen \u00e4gde rum 2023 och f\u00f6reningen har sj\u00e4lva skrivit om den i sociala medier.<\/p>\n<p>Olle Lundin, som \u00e4r professor i f\u00f6rvaltningsr\u00e4tt vid Uppsala universitet, s\u00e4ger till tidningen att det handlar om en f\u00f6rtroendefr\u00e5ga f\u00f6r statsministern.<\/p>\n<p>\u2013 \u202f\u00c4r det s\u00e5 att han plockar upp f\u00f6rm\u00e5ner d\u00e4r han ser dem, eller om han helt enkelt brister i omd\u00f6met? Det \u00e4r sv\u00e5rt att s\u00e4ga, men det verkar ju inte som att han har n\u00e5gra j\u00e4ttesp\u00e4rrar, s\u00e4ger han.<\/p>\n<p>Regeringskansliets presstj\u00e4nst skriver i ett mejl:<\/p>\n<p>\u201dDet finns inte n\u00e5gra riktlinjer som reglerar hur statsministern och dennes familj f\u00e5r nyttja Harpsund.\u201d <\/p>\n<p>Enligt en proposition fr\u00e5n 1953 st\u00e5r det att anv\u00e4ndning i statsministerns fr\u00e5nvaro handlar om \u201dregering, riksdag, administration och sammanslutningar f\u00f6r konferenser och sammantr\u00e4den\u201d.<\/p>\n<p>Omni \u00e4r politiskt obundna och oberoende. Vi str\u00e4var efter att ge fler perspektiv p\u00e5 nyheterna. Har du fr\u00e5gor eller synpunkter kring v\u00e5r rapportering? <a href=\"https:\/\/omni.se\/statsministerns-dotter-hade-fest-pa-harpsund\/a\/mailto:redaktion@omni.se\" class=\"ArticleActions_contactLink__W2F1M\" rel=\"nofollow noopener\" target=\"_blank\">Kontakta redaktionen<\/a><\/p>\n","protected":false},"excerpt":{"rendered":"Statsminister Ulf Kristersson har l\u00e5tit sin dotter och hennes studentf\u00f6rening ha en privat fest p\u00e5 Harpsund, rapporterar Aftonbladet.&hellip;\n","protected":false},"author":2,"featured_media":66929,"comment_status":"","ping_status":"","sticky":false,"template":"","format":"standard","meta":{"footnotes":"","_share_on_mastodon":"0"},"categories":[5],"tags":[22,23,26,27,6105,17,21,24,25,28,29,551,15,16,18,34,31,33,32,30,19,20,1111],"class_list":["post-66928","post","type-post","status-publish","format-standard","has-post-thumbnail","category-rubriker","tag-breaking-news","tag-breakingnews","tag-featured-news","tag-featurednews","tag-harpsund","tag-headlines","tag-huvudnyheter","tag-latest-news","tag-latestnews","tag-main-news","tag-mainnews","tag-moderaterna","tag-news","tag-nyheter","tag-rubriker","tag-se","tag-svenska","tag-sverige","tag-sweden","tag-swedish","tag-top-stories","tag-topstories","tag-ulf-kristersson"],"share_on_mastodon":{"url":"https:\/\/pubeurope.com\/@se\/115455893410857557","error":""},"_links":{"self":[{"href":"https:\/\/www.europesays.com\/se\/wp-json\/wp\/v2\/posts\/66928","targetHints":{"allow":["GET"]}}],"collection":[{"href":"https:\/\/www.europesays.com\/se\/wp-json\/wp\/v2\/posts"}],"about":[{"href":"https:\/\/www.europesays.com\/se\/wp-json\/wp\/v2\/types\/post"}],"author":[{"embeddable":true,"href":"https:\/\/www.europesays.com\/se\/wp-json\/wp\/v2\/users\/2"}],"replies":[{"embeddable":true,"href":"https:\/\/www.europesays.com\/se\/wp-json\/wp\/v2\/comments?post=66928"}],"version-history":[{"count":0,"href":"https:\/\/www.europesays.com\/se\/wp-json\/wp\/v2\/posts\/66928\/revisions"}],"wp:featuredmedia":[{"embeddable":true,"href":"https:\/\/www.europesays.com\/se\/wp-json\/wp\/v2\/media\/66929"}],"wp:attachment":[{"href":"https:\/\/www.europesays.com\/se\/wp-json\/wp\/v2\/media?parent=66928"}],"wp:term":[{"taxonomy":"category","embeddable":true,"href":"https:\/\/www.europesays.com\/se\/wp-json\/wp\/v2\/categories?post=66928"},{"taxonomy":"post_tag","embeddable":true,"href":"https:\/\/www.europesays.com\/se\/wp-json\/wp\/v2\/tags?post=66928"}],"curies":[{"name":"wp","href":"https:\/\/api.w.org\/{rel}","templated":true}]}}