{"id":66953,"date":"2025-10-29T06:42:08","date_gmt":"2025-10-29T06:42:08","guid":{"rendered":"https:\/\/www.europesays.com\/se\/66953\/"},"modified":"2025-10-29T06:42:08","modified_gmt":"2025-10-29T06:42:08","slug":"behandling-med-bumetanid-kan-vara-fordelaktig-for-vissa-barn-med-autism-enligt-unik-svensk-studie-ett-vardefullt-framsteg","status":"publish","type":"post","link":"https:\/\/www.europesays.com\/se\/66953\/","title":{"rendered":"Behandling med bumetanid kan vara f\u00f6rdelaktig f\u00f6r vissa barn med autism \u2013 enligt unik svensk studie: &#8221;Ett v\u00e4rdefullt framsteg&#8221;"},"content":{"rendered":"<p>Bumetanid \u00e4r ett diuretikum eller urindrivande l\u00e4kemedel som\u00a0vanligtvis\u00a0anv\u00e4nds f\u00f6r att behandla v\u00e4tskeansamling (\u00f6dem) i samband med exempelvis hj\u00e4rtsvikt och leversjukdom. De senaste 15 \u00e5ren har forskare b\u00e5de i Sverige och internationellt b\u00f6rjat unders\u00f6ka om l\u00e4kemedlet\u00a0kan ha positiva effekter vid autism. En serie av studier har genomf\u00f6rts\u00a0i olika l\u00e4nder och\u00a0med lovande resultat, varav den senaste vid Gillbergcentrum p\u00e5 G\u00f6teborgs universitet.<br \/>\nElisabeth Fernell, barnl\u00e4kare<\/p>\n","protected":false},"excerpt":{"rendered":"Bumetanid \u00e4r ett diuretikum eller urindrivande l\u00e4kemedel som\u00a0vanligtvis\u00a0anv\u00e4nds f\u00f6r att behandla v\u00e4tskeansamling (\u00f6dem) i samband med exempelvis hj\u00e4rtsvikt&hellip;\n","protected":false},"author":2,"featured_media":66954,"comment_status":"","ping_status":"","sticky":false,"template":"","format":"standard","meta":{"footnotes":""},"categories":[69],"tags":[632,113,112,439,34,31,33,32,30],"class_list":{"0":"post-66953","1":"post","2":"type-post","3":"status-publish","4":"format-standard","5":"has-post-thumbnail","7":"category-halsa","8":"tag-forskning","9":"tag-halsa","10":"tag-health","11":"tag-liv-hem","12":"tag-se","13":"tag-svenska","14":"tag-sverige","15":"tag-sweden","16":"tag-swedish"},"share_on_mastodon":{"url":"https:\/\/pubeurope.com\/@se\/115456097977186384","error":""},"_links":{"self":[{"href":"https:\/\/www.europesays.com\/se\/wp-json\/wp\/v2\/posts\/66953","targetHints":{"allow":["GET"]}}],"collection":[{"href":"https:\/\/www.europesays.com\/se\/wp-json\/wp\/v2\/posts"}],"about":[{"href":"https:\/\/www.europesays.com\/se\/wp-json\/wp\/v2\/types\/post"}],"author":[{"embeddable":true,"href":"https:\/\/www.europesays.com\/se\/wp-json\/wp\/v2\/users\/2"}],"replies":[{"embeddable":true,"href":"https:\/\/www.europesays.com\/se\/wp-json\/wp\/v2\/comments?post=66953"}],"version-history":[{"count":0,"href":"https:\/\/www.europesays.com\/se\/wp-json\/wp\/v2\/posts\/66953\/revisions"}],"wp:featuredmedia":[{"embeddable":true,"href":"https:\/\/www.europesays.com\/se\/wp-json\/wp\/v2\/media\/66954"}],"wp:attachment":[{"href":"https:\/\/www.europesays.com\/se\/wp-json\/wp\/v2\/media?parent=66953"}],"wp:term":[{"taxonomy":"category","embeddable":true,"href":"https:\/\/www.europesays.com\/se\/wp-json\/wp\/v2\/categories?post=66953"},{"taxonomy":"post_tag","embeddable":true,"href":"https:\/\/www.europesays.com\/se\/wp-json\/wp\/v2\/tags?post=66953"}],"curies":[{"name":"wp","href":"https:\/\/api.w.org\/{rel}","templated":true}]}}